{"id":32421,"date":"2021-07-09T20:30:42","date_gmt":"2021-07-09T19:30:42","guid":{"rendered":"https:\/\/senzor.ba\/?p=32421"},"modified":"2024-01-15T21:27:50","modified_gmt":"2024-01-15T20:27:50","slug":"puna-usta-hvale-od-obecane-nagrade-nista-kosarkasice-bih-do-sad-dobile-0-km-za-osvojeno-5-mjesto-na-ep","status":"publish","type":"post","link":"https:\/\/tvsensor.com\/clanak\/puna-usta-hvale-od-obecane-nagrade-nista-kosarkasice-bih-do-sad-dobile-0-km-za-osvojeno-5-mjesto-na-ep\/","title":{"rendered":"Puna usta hvale, od obe\u0107ane nagrade ni\u0161ta: Ko\u0161arka\u0161ice BiH do sad dobile 0 KM za osvojeno 5. mjesto na EP"},"content":{"rendered":"\n<p>Nakon osvajanja petog mjesta na Evropskom prvenstvu ko\u0161arka\u0161icama reprezentacije BiH su stigle \u010destitke sa svih nivoa vlasti.<\/p>\n\n\n\n<p>To je naljutilo na\u0161e sportistkinje, jer nisu imale adekvatnu podr\u0161ku nadle\u017enih prije takmi\u010denja, a na prijemu u sarajevskoj Vije\u0107nici nepravdu je rekla ispraviti gradona\u010delnica Benjamina Kari\u0107.<\/p>\n\n\n\n<p>&#8211; Hvala vam \u0161to ste nas u\u010dinile ponosnim i \u0161to ste za ovu zemlju u\u010dinile vi\u0161e od svakog politi\u010dara \u2013 izme\u0111u ostalog je rekla Benjamina Kari\u0107a i obe\u0107ala nagradu.<\/p>\n\n\n\n<p>Na\u017ealost, sve je ostalo na rije\u010dima i iz Grada Sarajeva jo\u0161 nije upla\u0107ena nijedna konvertibilna marka na ra\u010dun Ko\u0161arka\u0161kog saveza BiH za nagradu ko\u0161arka\u0161icama. Nije poznato da li \u0107e se to desiti, u augustu, septembru, oktobru\u2026<\/p>\n\n\n\n<p>Tokom dana poku\u0161ali smo u nekoliko navrata kontaktirati gradona\u010delnicu Benjaminu Kari\u0107, ali ona nije odgovarala na na\u0161e pozive. Poja\u0161njenje situacije oko nagrade za ko\u0161arka\u0161ice dala je \u0161efica kabineta gradona\u010delnice Erna \u010coli\u0107.<\/p>\n\n\n\n<p>&#8211; \u010ceka se rebalans bud\u017eeta. Nezahvalno je re\u0107i kada \u0107e to biti. \u010cim prije se nadamo. Ne znam na koju \u0107e sjednicu i\u0107i rebalans bud\u017eeta, mora se usvojiti da bi se izvr\u0161ila isplata. Prije septembra vjerovatno ne\u0107e biti ni\u0161ta od nagrade za ko\u0161arka\u0161ice \u2013 rekla je za Faktor \u010coli\u0107.<\/p>\n\n\n\n<p>Generalni sekretar Ko\u0161arka\u0161kog saveza BiH Amer \u010colan isti\u010de da nakon povratka sa EP nisu dobili podr\u0161ku nijednog nivoa vlasti, pi\u0161e Faktor.ba.<\/p>\n\n\n\n<p>&#8211; Nakon \u0161to su ko\u0161arka\u0161ice osvojile peto mjesto mi jo\u0161 uvijek \u010dekamo. Inicijativa vidjeli smo da ima, ali\u2026 Svi su pri\u010dali i hvalili, a nadamo se da \u0107e neko kona\u010dno inicijativu provesti do kraja i nagraditi na\u0161e zlatne ko\u0161arka\u0161ice. Nismo dobili ni nijednu konvertibilnu marku za sada. Ima inicijativa od gospodina Vlatka Glava\u0161a i to se \u010deka. Ostali jo\u0161 uvijek samo pri\u010daju, me\u0111utim nemamo ni\u0161ta konkretno. Niko nas nije ni zvao da do\u0111emo i razgovaramo o potrebama reprezentativnih selekcija. Nadamo se da \u0107e se neko javiti i da vidi kakvi su na\u0161i planovi. O\u010dekuju nas kvalifikacije za SP za ko\u0161arka\u0161e, kvalifikacije za EP i SP za ko\u0161arka\u0161ice. Imamo mi dosta posla, ali treba neko povesti ra\u010duna o ko\u0161arka\u0161ima i ko\u0161arka\u0161icama i da im se obezbijede \u0161to bolji uslovi za pripreme \u2013 ka\u017ee \u010colan.<\/p>\n","protected":false},"excerpt":{"rendered":"<p>Nakon osvajanja petog mjesta na Evropskom prvenstvu ko\u0161arka\u0161icama reprezentacije BiH su stigle \u010destitke sa svih nivoa vlasti. To je naljutilo na\u0161e sportistkinje, jer nisu imale adekvatnu podr\u0161ku nadle\u017enih prije takmi\u010denja, a na prijemu u sarajevskoj Vije\u0107nici nepravdu je rekla ispraviti gradona\u010delnica Benjamina Kari\u0107. &#8211; Hvala vam \u0161to ste nas u\u010dinile ponosnim i \u0161to ste za [&hellip;]<\/p>\n","protected":false},"author":59,"featured_media":32422,"comment_status":"open","ping_status":"closed","sticky":false,"template":"","format":"standard","meta":{"inline_featured_image":false,"footnotes":""},"categories":[63,61],"tags":[],"class_list":{"0":"post-32421","1":"post","2":"type-post","3":"status-publish","4":"format-standard","5":"has-post-thumbnail","7":"category-kosarka","8":"category-sport"},"acf":[],"_links":{"self":[{"href":"https:\/\/tvsensor.com\/api\/wp\/v2\/posts\/32421","targetHints":{"allow":["GET"]}}],"collection":[{"href":"https:\/\/tvsensor.com\/api\/wp\/v2\/posts"}],"about":[{"href":"https:\/\/tvsensor.com\/api\/wp\/v2\/types\/post"}],"author":[{"embeddable":true,"href":"https:\/\/tvsensor.com\/api\/wp\/v2\/users\/59"}],"replies":[{"embeddable":true,"href":"https:\/\/tvsensor.com\/api\/wp\/v2\/comments?post=32421"}],"version-history":[{"count":1,"href":"https:\/\/tvsensor.com\/api\/wp\/v2\/posts\/32421\/revisions"}],"predecessor-version":[{"id":32424,"href":"https:\/\/tvsensor.com\/api\/wp\/v2\/posts\/32421\/revisions\/32424"}],"wp:featuredmedia":[{"embeddable":true,"href":"https:\/\/tvsensor.com\/api\/wp\/v2\/media\/32422"}],"wp:attachment":[{"href":"https:\/\/tvsensor.com\/api\/wp\/v2\/media?parent=32421"}],"wp:term":[{"taxonomy":"category","embeddable":true,"href":"https:\/\/tvsensor.com\/api\/wp\/v2\/categories?post=32421"},{"taxonomy":"post_tag","embeddable":true,"href":"https:\/\/tvsensor.com\/api\/wp\/v2\/tags?post=32421"}],"curies":[{"name":"wp","href":"https:\/\/api.w.org\/{rel}","templated":true}]}}