{"id":32258,"date":"2021-07-07T14:53:10","date_gmt":"2021-07-07T13:53:10","guid":{"rendered":"https:\/\/senzor.ba\/?p=32258"},"modified":"2024-01-15T21:28:18","modified_gmt":"2024-01-15T20:28:18","slug":"cikago-postavljen-veliki-bilbord-never-forget-srebrenica-genocide","status":"publish","type":"post","link":"https:\/\/tvsensor.com\/clanak\/cikago-postavljen-veliki-bilbord-never-forget-srebrenica-genocide\/","title":{"rendered":"\u010cikago: Postavljen veliki bilbord &#8220;Never Forget Srebrenica Genocide&#8221;"},"content":{"rendered":"\n<p>Povodom obilje\u017eavanja 26. godi\u0161njice genocida u Srebrenici, Bosanski edukativni i kulturni centar Amerike (BECCA) sa sjedi\u0161tem u \u010cikagu postavio je veliki bilbord s natpisom &#8220;Never Forget Srebrenica Genocide &#8211; 8372 Reasons Not To Forget July 11, 1995&#8221; odnosno &#8220;Nikada ne zaboravi Genocid u Srebrenici &#8211; 8372 razloga da ne zaboravi\u0161 11. juli 1995&#8221;.<\/p>\n\n\n\n<p>Kako je objavio &#8220;Preporod.info&#8221;, na ovaj na\u010din stotine hiljada voza\u010da koji sa zapadne strane ulaze u grad \u010cikago, neposredno pored svjetski poznatog aerodroma O'Hare, mo\u0107i \u0107e vidjeti poruku o genocidu u Srebrenici.<\/p>\n\n\n\n<p>&#8220;Potrudili smo se da \u010cikago ove godine bude u znaku Srebrenice&#8221;, poru\u010dili su iz organizacionog odbora te zahvalili Sjedinjenim Ameri\u010dkim Dr\u017eavama na kontinuiranoj podr\u0161ci koju daju Bosni i Hercegovini.<\/p>\n\n\n\n<p>Iz BECCA podsje\u0107aju da je Rezolucijom 310 Zastupni\u010dki dom Kongresa SAD 2017. godine jednoglasno je usvojio Rezoluciju o Srebrenici, kojom se zlo\u010din iz jula 1995. godine definira kao genocid.<\/p>\n","protected":false},"excerpt":{"rendered":"<p>Povodom obilje\u017eavanja 26. godi\u0161njice genocida u Srebrenici, Bosanski edukativni i kulturni centar Amerike (BECCA) sa sjedi\u0161tem u \u010cikagu postavio je veliki bilbord s natpisom &#8220;Never Forget Srebrenica Genocide &#8211; 8372 Reasons Not To Forget July 11, 1995&#8221; odnosno &#8220;Nikada ne zaboravi Genocid u Srebrenici &#8211; 8372 razloga da ne zaboravi\u0161 11. juli 1995&#8221;. Kako je [&hellip;]<\/p>\n","protected":false},"author":59,"featured_media":32259,"comment_status":"open","ping_status":"closed","sticky":false,"template":"","format":"standard","meta":{"inline_featured_image":false,"footnotes":""},"categories":[238],"tags":[],"class_list":{"0":"post-32258","1":"post","2":"type-post","3":"status-publish","4":"format-standard","5":"has-post-thumbnail","7":"category-slika-dana"},"acf":[],"_links":{"self":[{"href":"https:\/\/tvsensor.com\/api\/wp\/v2\/posts\/32258","targetHints":{"allow":["GET"]}}],"collection":[{"href":"https:\/\/tvsensor.com\/api\/wp\/v2\/posts"}],"about":[{"href":"https:\/\/tvsensor.com\/api\/wp\/v2\/types\/post"}],"author":[{"embeddable":true,"href":"https:\/\/tvsensor.com\/api\/wp\/v2\/users\/59"}],"replies":[{"embeddable":true,"href":"https:\/\/tvsensor.com\/api\/wp\/v2\/comments?post=32258"}],"version-history":[{"count":1,"href":"https:\/\/tvsensor.com\/api\/wp\/v2\/posts\/32258\/revisions"}],"predecessor-version":[{"id":32260,"href":"https:\/\/tvsensor.com\/api\/wp\/v2\/posts\/32258\/revisions\/32260"}],"wp:featuredmedia":[{"embeddable":true,"href":"https:\/\/tvsensor.com\/api\/wp\/v2\/media\/32259"}],"wp:attachment":[{"href":"https:\/\/tvsensor.com\/api\/wp\/v2\/media?parent=32258"}],"wp:term":[{"taxonomy":"category","embeddable":true,"href":"https:\/\/tvsensor.com\/api\/wp\/v2\/categories?post=32258"},{"taxonomy":"post_tag","embeddable":true,"href":"https:\/\/tvsensor.com\/api\/wp\/v2\/tags?post=32258"}],"curies":[{"name":"wp","href":"https:\/\/api.w.org\/{rel}","templated":true}]}}