{"id":32044,"date":"2021-07-03T08:29:27","date_gmt":"2021-07-03T07:29:27","guid":{"rendered":"https:\/\/senzor.ba\/?p=32044"},"modified":"2024-01-15T21:29:00","modified_gmt":"2024-01-15T20:29:00","slug":"igk-dodik-i-njegovi-poltroni-atakuju-na-ugled-prava","status":"publish","type":"post","link":"https:\/\/tvsensor.com\/clanak\/igk-dodik-i-njegovi-poltroni-atakuju-na-ugled-prava\/","title":{"rendered":"IGK: Dodik i njegovi poltroni atakuju na ugled prava"},"content":{"rendered":"\n<p><strong>Institut za istra\u017eivanje genocida Kanada (IGK) reagovao je na usvajanje Rezolucije o stradanju i zlo\u010dinima nad srpskim narodom Srebrenice u 20. vijeku od strane Skup\u0161tine op\u0161tine Srebrenica.<\/strong> <\/p>\n\n\n\n<p>Njihovo saop\u0107enje u nastavku prenosimo u cjelosti.<\/p>\n\n\n\n<p>IGK najo\u0161trije osu\u0111uje i potpuno odbacuje anticivilizacijsko, dehumaniziraju\u0107e usvajanje navedene rezolucije bez prisustva odbornika iz reda bo\u0161nja\u010dkog naroda. Jednostrani \u010din politi\u010dke opcije u Skup\u0161tini op\u0161tine Srebrenica koja kontinuirano ne priznaje internacionalni poredak, negira sudski dokazane i historijski i nau\u010dno utvr\u0111ene \u010dinjenice o genocidu, agresivno atakuje na istinu, pravdu, kulturu sje\u0107anja, mir i bezbjednost i agresivno dehumanizira \u017ertve genocida u cilju promijene karaktera vojnog sukoba koji je bio obilje\u017een agresijom i genocidom na Bosnu i Hercegovinu i njene gra\u0111ane, posebno Bo\u0161njake, se namjerno de\u0161ava uo\u010di komemorisanja 26. godi\u0161njice od genocida u Srebrenici i poslije presuda osu\u0111enim ratnim zlo\u010dincima Mladi\u0107u, Stani\u0161i\u010du i Simatovi\u0107u, presuda koje su potvrdile ranije presu\u0111en udru\u017eeni zlo\u010dina\u010dki poduhvat, odnosno agresiju Srbije na Bosnu i Hercegovinu. Upotrebom politi\u010dkih poltrona u Skup\u0161tine op\u0161tine Srebrenica, negator dr\u017eave Bosne i Hercegovine i negator genocida, Milorad Dodik poku\u0161ava internacionalizirati negiranje genocida, kao navodnu osnovnu komponentu antibosanskog kvazi diplomatskog djelovanja.<\/p>\n\n\n\n<p>Me\u0111unarodni sud pravde i Me\u0111unarodni krivi\u010dni sud za biv\u0161u Jugoslaviju, presudili su da se u Srebrenici desio genocid nad Bo\u0161njacima, a Srbija, kao jedina dr\u017eava u svijetu, osu\u0111ena da nije sprije\u010dila genocid i kaznila po\u010dinioce. U najmanje tri presude presu\u0111en i udru\u017eeni zlo\u010dina\u010dki poduhvat, odnosno agresija Srbije na Bosnu i Hercegovinu. Dakle imamo utvr\u0111ene sve sudske \u010dinjenice, i ovo je zapravo poku\u0161aj revizionisti\u010dkog pristupa onome \u0161to je ve\u0107 nedvosmisleno utvr\u0111eno. Genocid u Srebrenici je nakon holokausta prvi pravno verifiviciran genocid u Evropi, \u0161to zna\u010di da ima i pravnu i historijsku validnost.<\/p>\n\n\n\n<p>Dodik i njegovi poltroni u Srebrenici su svjesni dru\u0161tvene, historijske i nau\u010dne istine da su Srbija i paradr\u017eavna tvorevina Republika Srpska planirale i vodile agresorski rat protiv Bosne i Hercegovine te po\u010dinile genocid nad Bo\u0161njacima, \u0161to potvr\u0111uju brojne presude, dokumenti i rezultati istra\u017eivanja Komisije Vlade Republike Srpske o doga\u0111ajima u i oko Srebrenice od 10. do 19. jula 1995. godine. Ti antibosanski elementi svjesni su krivi\u010dne i politi\u010dke odgovornosti za genocid, a posebno su svjesni \u010dinjenice da je entitet Republika Srpska nastao na genocidu, da je rje\u010d o genocidnoj tvorevini koju je legalizovao Dejtonski mirovni sporazum. Upravo zato srpska nacionalisti\u010dka, politi\u010dka i akademska elita godinama preduzima brojne radnje i aktivnosti koje imaju za cilj negiranje genocida, falsifikuju\u0107i relevantne dokumente i obmanjuju\u0107i doma\u0107u i svjetsku javnost. Rje\u010d je o dobro smi\u0161ljenom projektu iza kojeg stoji dr\u017eava Srbija i njen marionetski re\u017eim u Republici Srpskoj, za \u010diju se realizaciju izdvajaju ogromna finansijska i materijalna sredstva, posebno u SAD i Kanadi, te anga\u017euju mnogi kvazi lobisti i istra\u017eiva\u010di.<\/p>\n\n\n\n<p>Imaju\u0107i u vidu da ovakav te\u0161ki atak na istinu, pravdu i \u017ertve, direktno atakuje na ugled i zna\u010daj me\u0111unarodnog prava, me\u0111unarodne pravde i me\u0111unarodnih institucija, Internacionalni ekspertni tim IGK \u0107e poslati pismo premijeru Kanade i drugim nadle\u017enim kanadskim politi\u010dkim i pravnim subjektima i tra\u017eiti da Kanada zajedno sa drugim dr\u017eavama hitno djeluje. Istovremeno ponovo \u010demo tra\u017eiti od Visokog predstavnika u Bosni i Hercegovinu primjenu bonskih ovla\u0161tenja u smislu sankcionisanja negatora genocida i nametanja zakona o negiranju genocida kako bi se kona\u010dno zaustavilo negiranje, relativiziranje i trijumfalizacija genocida.<\/p>\n","protected":false},"excerpt":{"rendered":"<p>Institut za istra\u017eivanje genocida Kanada (IGK) reagovao je na usvajanje Rezolucije o stradanju i zlo\u010dinima nad srpskim narodom Srebrenice u 20. vijeku od strane Skup\u0161tine op\u0161tine Srebrenica. Njihovo saop\u0107enje u nastavku prenosimo u cjelosti. IGK najo\u0161trije osu\u0111uje i potpuno odbacuje anticivilizacijsko, dehumaniziraju\u0107e usvajanje navedene rezolucije bez prisustva odbornika iz reda bo\u0161nja\u010dkog naroda. Jednostrani \u010din politi\u010dke [&hellip;]<\/p>\n","protected":false},"author":59,"featured_media":31886,"comment_status":"open","ping_status":"closed","sticky":false,"template":"","format":"standard","meta":{"inline_featured_image":false,"footnotes":""},"categories":[38],"tags":[],"class_list":{"0":"post-32044","1":"post","2":"type-post","3":"status-publish","4":"format-standard","5":"has-post-thumbnail","7":"category-vijesti-iz-bih"},"acf":[],"_links":{"self":[{"href":"https:\/\/tvsensor.com\/api\/wp\/v2\/posts\/32044","targetHints":{"allow":["GET"]}}],"collection":[{"href":"https:\/\/tvsensor.com\/api\/wp\/v2\/posts"}],"about":[{"href":"https:\/\/tvsensor.com\/api\/wp\/v2\/types\/post"}],"author":[{"embeddable":true,"href":"https:\/\/tvsensor.com\/api\/wp\/v2\/users\/59"}],"replies":[{"embeddable":true,"href":"https:\/\/tvsensor.com\/api\/wp\/v2\/comments?post=32044"}],"version-history":[{"count":1,"href":"https:\/\/tvsensor.com\/api\/wp\/v2\/posts\/32044\/revisions"}],"predecessor-version":[{"id":32045,"href":"https:\/\/tvsensor.com\/api\/wp\/v2\/posts\/32044\/revisions\/32045"}],"wp:featuredmedia":[{"embeddable":true,"href":"https:\/\/tvsensor.com\/api\/wp\/v2\/media\/31886"}],"wp:attachment":[{"href":"https:\/\/tvsensor.com\/api\/wp\/v2\/media?parent=32044"}],"wp:term":[{"taxonomy":"category","embeddable":true,"href":"https:\/\/tvsensor.com\/api\/wp\/v2\/categories?post=32044"},{"taxonomy":"post_tag","embeddable":true,"href":"https:\/\/tvsensor.com\/api\/wp\/v2\/tags?post=32044"}],"curies":[{"name":"wp","href":"https:\/\/api.w.org\/{rel}","templated":true}]}}