{"id":32040,"date":"2021-07-02T19:49:02","date_gmt":"2021-07-02T18:49:02","guid":{"rendered":"https:\/\/senzor.ba\/?p=32040"},"modified":"2024-01-15T21:29:01","modified_gmt":"2024-01-15T20:29:01","slug":"iz-tuzle-ispraceni-tabuti-sa-18-zrtava-zlocina-tokom-rata-u-brckom","status":"publish","type":"post","link":"https:\/\/tvsensor.com\/clanak\/iz-tuzle-ispraceni-tabuti-sa-18-zrtava-zlocina-tokom-rata-u-brckom\/","title":{"rendered":"Iz Tuzle ispra\u0107eni tabuti sa 18 \u017ertava zlo\u010dina tokom rata u Br\u010dkom"},"content":{"rendered":"\n<p>Iz Komemorativnog centra Tuzla ispra\u0107eni su tabuti sa 18 \u017ertava zlo\u010dina proteklog rata nad Bo\u0161njacima u Br\u010dkom, koje \u0107e svoj vje\u010dni smiraj prona\u0107i sutra na \u0161estoj kolektivnoj d\u017eenazi.<\/p>\n\n\n\n<p>Vozilo sa tabutima u Br\u010dko \u0107e sti\u0107i prije ak\u0161am-namaza, a na platou ispred d\u017eamije Ivici prou\u010dit \u0107e se hatma dova i tevhid.<\/p>\n\n\n\n<p>\u201cMi smo danas ovdje okupili da ispratimo \u0161ehide Br\u010dkog. Ova d\u017eenaza, koja \u0107e sutra biti klanjana u Br\u010dkom, posebna je zato \u0161to \u0107e biti klanjana za 18 \u0161ehida koji nisu identificirani. \u010covjek na ovaj svijet dolazi donose\u0107i svoj vjerski identitet koji mi nazivamo \u010distom prirodom ili fitrom i taj identitet mu niko ne mo\u017ee oduzeti. Me\u0111utim, na ovom svijetu sti\u010demo i brojne druge identitete, i religijske, kulturne, nacionalne. Ovim ljudima je za vrijeme njihovog \u017eivota, odnosno oni su imali svoj identitet, svoje ime i prezime, svoju religijsku pripadnost, svoju kulturnu pripadnost, svoju vjersku pripadnost. Danas svjedo\u010dimo da im je zlo koje je po\u010dinjeno na ovom prostoru prije 30 godina oduzelo identitet, odnosno projektanti tog zla. Svjedoci smo danas na ovom na\u0161em prostoru sjeveroisto\u010dne Bosne da organiziramo veliki broj kolektivnih d\u017eenaza, a o\u010dekujemo d\u017eenazu u Srebrenici gdje je po\u010dinjen genocid\u201d, rekao je Mensur Husi\u0107 u ime Muftijstva tuzlanskog.<\/p>\n\n\n\n<p>U subotu oficijelni program po\u010dinje u 12 sati kada \u0107e biti polo\u017eeno cvije\u0107e na spomen-obilje\u017eju u Br\u010dkom, a potom \u0107e uslijediti obra\u0107anje predstavnika pre\u017eivjelih porodica i klanjanje d\u017eenaze za 18 neidentificiranih br\u010danskih \u0161ehida.<\/p>\n","protected":false},"excerpt":{"rendered":"<p>Iz Komemorativnog centra Tuzla ispra\u0107eni su tabuti sa 18 \u017ertava zlo\u010dina proteklog rata nad Bo\u0161njacima u Br\u010dkom, koje \u0107e svoj vje\u010dni smiraj prona\u0107i sutra na \u0161estoj kolektivnoj d\u017eenazi. Vozilo sa tabutima u Br\u010dko \u0107e sti\u0107i prije ak\u0161am-namaza, a na platou ispred d\u017eamije Ivici prou\u010dit \u0107e se hatma dova i tevhid. \u201cMi smo danas ovdje okupili [&hellip;]<\/p>\n","protected":false},"author":59,"featured_media":32041,"comment_status":"open","ping_status":"closed","sticky":false,"template":"","format":"standard","meta":{"inline_featured_image":false,"footnotes":""},"categories":[38],"tags":[],"class_list":{"0":"post-32040","1":"post","2":"type-post","3":"status-publish","4":"format-standard","5":"has-post-thumbnail","7":"category-vijesti-iz-bih"},"acf":[],"_links":{"self":[{"href":"https:\/\/tvsensor.com\/api\/wp\/v2\/posts\/32040","targetHints":{"allow":["GET"]}}],"collection":[{"href":"https:\/\/tvsensor.com\/api\/wp\/v2\/posts"}],"about":[{"href":"https:\/\/tvsensor.com\/api\/wp\/v2\/types\/post"}],"author":[{"embeddable":true,"href":"https:\/\/tvsensor.com\/api\/wp\/v2\/users\/59"}],"replies":[{"embeddable":true,"href":"https:\/\/tvsensor.com\/api\/wp\/v2\/comments?post=32040"}],"version-history":[{"count":2,"href":"https:\/\/tvsensor.com\/api\/wp\/v2\/posts\/32040\/revisions"}],"predecessor-version":[{"id":32043,"href":"https:\/\/tvsensor.com\/api\/wp\/v2\/posts\/32040\/revisions\/32043"}],"wp:featuredmedia":[{"embeddable":true,"href":"https:\/\/tvsensor.com\/api\/wp\/v2\/media\/32041"}],"wp:attachment":[{"href":"https:\/\/tvsensor.com\/api\/wp\/v2\/media?parent=32040"}],"wp:term":[{"taxonomy":"category","embeddable":true,"href":"https:\/\/tvsensor.com\/api\/wp\/v2\/categories?post=32040"},{"taxonomy":"post_tag","embeddable":true,"href":"https:\/\/tvsensor.com\/api\/wp\/v2\/tags?post=32040"}],"curies":[{"name":"wp","href":"https:\/\/api.w.org\/{rel}","templated":true}]}}