{"id":32035,"date":"2021-07-02T16:34:19","date_gmt":"2021-07-02T15:34:19","guid":{"rendered":"https:\/\/senzor.ba\/?p=32035"},"modified":"2024-01-15T21:29:02","modified_gmt":"2024-01-15T20:29:02","slug":"mali-sloba-ponovo-poredi-kosovo-i-entitet-rs","status":"publish","type":"post","link":"https:\/\/tvsensor.com\/clanak\/mali-sloba-ponovo-poredi-kosovo-i-entitet-rs\/","title":{"rendered":"&#8216;Mali Sloba&#8217; ponovo poredi Kosovo i entitet RS"},"content":{"rendered":"\n<p>Srbija insistira na kompromisu u dijalogu s Kosovom. Na pitanje \u0161ta bi bio kompromis, predsjednik Skup\u0161tine Srbije Ivica Da\u010di\u0107 ka\u017ee: &#8220;Kompromis je za mene realno stanje na terenu.&#8221;<\/p>\n\n\n\n<p>&#8211; Mi imamo jednu situaciju koja je i dalje otvorena. A to zna\u010di da je nere\u0161eno pitanje statusa Kosova, bez obzira \u0161to Kosovo misli da je to pitanje re\u0161eno, a ono nije re\u0161eno sve dok ne budu primljeni u Ujedinjene nacije. S druge strane, situacija na terenu \u2013 to je ono \u0161to Amerikanci \u010desto vole da ka\u017eu \u2013 je takva da, bez obzira na to \u0161to \u0107e 99 odsto gra\u0111ana Srbije da ka\u017ee da je Kosovo deo Srbije, Srbija nema puni suverenitet u Pri\u0161tini. Ali isto tako ni Pri\u0161tina nema puni suverenitet na severu Kosova.To je situacija na terenu. Da li ta situacija na terenu mo\u017ee da se izmeni osim ratom? Da li mo\u017ee da se izmeni, naprimer, kompromisom? Mo\u017ee. Bolje kompromisom. Dakle, za mene je kompromis realno stanje na terenu &#8211; poru\u010duje Da\u010di\u0107.<\/p>\n\n\n\n<p>Na pitanje \u0161ta misli o podjeli Kosova, predsjednik Skup\u0161tine Srbije za DW ka\u017ee:<\/p>\n\n\n\n<p>&#8211; Pa, ne mislim ni\u0161ta, ja samo ho\u0107u da ka\u017eem da bi to sve trebalo da bude deo dogovora. Znate, mi sada dolazimo u situaciju da, ko god sad govori o tome, misli na situaciju da Srbija treba da prizna Kosovo. Hej, nemojmo da polazimo od toga. Imamo li mi situaciju da neko predlo\u017ei neko re\u0161enje koje bi predstavljalo kompromis i srpskih i albanskih interesa? Za sada niko ne \u017eeli da se time bavi, niko ne \u017eeli da preuzme odgovornost. A \u0161to se ti\u010de normalizacije odnosa, po\u0161to sam ja u\u010destvovao u tome 2012. \u2013 2013, kad je to bilo\u2026 &#8211; kazao je Da\u010di\u0107.<\/p>\n\n\n\n<p>O mogu\u0107em priznanju Kosova od Srbije, Da\u010di\u0107 ponavlja da je sve pitanje dijaloga i kompromisa.<\/p>\n\n\n\n<p>&#8211; Nikakvo jednostrano re\u0161enje mi ne\u0107emo priznati. Samo da se razgovara i da se dijalog nastavi. Ja jo\u0161 jednom ponavljam, za mene je prihvatljivo sve \u0161to bi moglo da se podvede pod neki kompromis koji obuhvata deo i jednih i drugih interesa. Ali me Vi sada pitate o ne\u010demu u \u010demu ja ne u\u010destvujem. A \u010dek\u2019 samo da vam ka\u017eem ovo, kad ste me ve\u0107 pitali za taj diajalog. Ja sam se tad sa (Ha\u0161imom) Ta\u010dijem sreo prvi put. Mi smo potpisali Briselski sporazum, a evo (Aljbin) Kurti sada ka\u017ee da to ne va\u017ei. On ka\u017ee da nijedna vlada pre njega nije bila prava vlada. Zna\u010di, postoji vreme pre Kurtija i posle Kurtija &#8211; poru\u010dio je on.<\/p>\n\n\n\n<p>&#8220;JA NISAM BIO NA FRONTU&#8221;<\/p>\n\n\n\n<p>Da\u010di\u0107 je jasno stavio do znanja da ne osje\u0107a odgovornosti za zlo\u010dine i de\u0161avanja devedesetih godina s obzirom na to da je bio portparol SPS-a, a Vu\u010di\u0107 je bio ministar informisanja.<\/p>\n\n\n\n<p>&#8211; Pa, slu\u0161ajte, kad je ne ose\u0107aju oni koji su bili u OVK, \u0161to bih ja ose\u0107ao? Ja sam bio politi\u010dar, isto kao i Vu\u010di\u0107. Ja nisam bio na frontu. Razumete? Zna\u010di, sa druge strane, ni\u0161ta lo\u0161e nisam uradio, niti sam bilo kome ne\u0161to lo\u0161e naneo. Postoje razli\u010dite ocene, a ocene o mom radu mogu da budu politi\u010dke i one se dobijaju na izborima. Mi smo izgubili na izborima 2000. godine &#8211; kazao je Da\u010di\u0107 i odgovorio da li se kaje \u0161to je oti\u0161ao u partiju Milo\u0161evi\u0107a.<\/p>\n\n\n\n<p>Pa, slu\u0161ajte, mi smo, kao \u0161to znate iz onog vremena, jednostavno, Savez komunista se pretvorio u SPS.<\/p>\n\n\n\n<p>REZOLUCIJA O GENOCIDU U SREBRENICI<\/p>\n\n\n\n<p>&#8211; Srbija je donela svoju rezoluciju o tome jo\u0161 2010. godine, nema potrebe da donosi bilo \u0161ta novo. Rezolucija koja je tada doneta je usagla\u0161ena \u2013 ja nisam u tome u\u010destvovao, u tome je u\u010destvovala Demokratska stranka \u2013 usagla\u0161ena s Turskom i Bosnom i Hercegovinom oko upotrebe termina \u2013 da se ne upotrebljava termin \u201egenocid\u201c. Za\u0161to bismo sada mi to menjali, ne razumem. Uop\u0161te ne ulazim u to \u0161ta ja mislim, ja samo pri\u010dam da je to pitanje za Skup\u0161tinu Srbije re\u0161eno. Terate me sada da se vra\u0107am na neke stvari. Ako sada Hrvatska ka\u017ee da Srbija mora da donese rezoluciju o genocidu da bi u\u0161la u EU, a zar ne bi Hrvatska trebalo da donese rezoluciju o genocidu u Jasenovcu? A da li to \u0161to je taj genocid po\u010dinjen pre nego \u0161to je to uvedeno u pravnu terminologiju kao krivi\u010dno delo, ali je su\u0161tina genocida po\u010dinjena. Kao \u0161to sam rekao, svaki \u017eivot je va\u017ean. Ali, i brojke su va\u017ene. Znate li koliko je ubijeno na drugim mestima? Je l&#8217; znate koliko je ubijeno hiljada ljudi, \u201eu istom danu, \u010deta \u0111aka\u201c\u2026 U Kragujevcu\u2026 i to nije genocid, je l&#8217; tako? Ja vam samo govorim da smo mi svoj posao obavili &#8211; poru\u010duje Da\u010di\u0107.<\/p>\n\n\n\n<p>ODNOSI S BiH<\/p>\n\n\n\n<p>Kada govorimo o BiH, uvijek se postavlja pitanje odnosa Srbije i Republike Srpske, \u0161to se opet \u010desto dovodi i u kontekst de\u0161avanja na Kosovu. Da\u010di\u0107 je neodlu\u010dan mogu li se tu povu\u0107i neke paralele.<\/p>\n\n\n\n<p>&#8211; Tako sada Bo\u0161njaci u Sarajevu ka\u017eu da Kosovo slobodno mo\u017ee da bude nezavisno. A kad mu ka\u017ee\u0161: \u2019Za\u0161to Banjaluka ne bi bila nezavisna?\u2019, on ka\u017ee: \u2019A, nije to isto.\u2019 A po \u010demu nije isto? Ne da postoje paralele, to je \u017eivot. Ako neko ka\u017ee: &#8216;Situacija na terenu je bila takva da je Kosovo proglasilo nezavisnost i da Zapad to mora da prihvati&#8217;, ne vidim za\u0161to bi neko osporavao bilo kakvu ideju koja bi i\u0161la ka nekim drugim slu\u010dajevima u svetu. Ali, mi se za to ne zala\u017eemo. Mi to ne podsti\u010demo. Samo ne treba da sada u Sarajevu do\u0111u Bo\u0161njaci i ka\u017eu: \u2019E, sada kada muslimani budu vi\u0161e od 51 odsto, e onda \u0107emo mi da ukinemo RS i onda \u0107e to da bude unitarna dr\u017eava\u2019. Ho\u0107e da promene i stalno tra\u017ee unitarizaciju BiH \u2013 ukidanje entiteta, ukidanje ravnopravnosti naroda i sve ostalo.<\/p>\n\n\n\n<p>IMA LI POMJERANJA GRANICA?<\/p>\n\n\n\n<p>&#8211; Nisam ja otvorio ideju pomjeranja granica. Ja nisam za to bio, ali kad je Kosovo proglasilo nezavisnost, ono je redefinisalo granice na Balkanu. To je istina i istorijska \u010dinjenica. I sad vi ne mo\u017eete da ka\u017eete: \u2019E, sada\u2026\u2019 To je kao kad se deca igraju i on ti uzme ne\u0161to i ka\u017ee: \u2019E od sad vi\u0161e nema pomeranja\u2019. Ne, to ne postoji. Mi ne insistiramo na tome, ali nemojte sada da budete toliko licemerni da ka\u017eete: \u2019E, sad vi\u0161e nema pomeranja granica.\u2019 Sad kad ste pomerili na\u0161u granicu. Pa \u0161to to ne rekoste pre nego \u0161to ste pomerili na\u0161u granicu? \u0160to neko nije rekao \u2019Nema pomeranja granica Srbije\u2019? Ali, ja ne insistiram na tome niti mi uop\u0161te pri\u010damo na takav na\u010din. Mi govorimo o dogovoru. Mi govorimo o miru. Govorimo o politi\u010dkom re\u0161enju. Toga \u0107e biti ako ima dogovora. Ako nema dogovora, ne\u0107e biti &#8211; ka\u017ee Da\u010di\u0107.<\/p>\n\n\n\n<p><\/p>\n","protected":false},"excerpt":{"rendered":"<p>Srbija insistira na kompromisu u dijalogu s Kosovom. Na pitanje \u0161ta bi bio kompromis, predsjednik Skup\u0161tine Srbije Ivica Da\u010di\u0107 ka\u017ee: &#8220;Kompromis je za mene realno stanje na terenu.&#8221; &#8211; Mi imamo jednu situaciju koja je i dalje otvorena. A to zna\u010di da je nere\u0161eno pitanje statusa Kosova, bez obzira \u0161to Kosovo misli da je to [&hellip;]<\/p>\n","protected":false},"author":59,"featured_media":32036,"comment_status":"open","ping_status":"closed","sticky":false,"template":"","format":"standard","meta":{"inline_featured_image":false,"footnotes":""},"categories":[40],"tags":[],"class_list":{"0":"post-32035","1":"post","2":"type-post","3":"status-publish","4":"format-standard","5":"has-post-thumbnail","7":"category-region"},"acf":[],"_links":{"self":[{"href":"https:\/\/tvsensor.com\/api\/wp\/v2\/posts\/32035","targetHints":{"allow":["GET"]}}],"collection":[{"href":"https:\/\/tvsensor.com\/api\/wp\/v2\/posts"}],"about":[{"href":"https:\/\/tvsensor.com\/api\/wp\/v2\/types\/post"}],"author":[{"embeddable":true,"href":"https:\/\/tvsensor.com\/api\/wp\/v2\/users\/59"}],"replies":[{"embeddable":true,"href":"https:\/\/tvsensor.com\/api\/wp\/v2\/comments?post=32035"}],"version-history":[{"count":2,"href":"https:\/\/tvsensor.com\/api\/wp\/v2\/posts\/32035\/revisions"}],"predecessor-version":[{"id":32039,"href":"https:\/\/tvsensor.com\/api\/wp\/v2\/posts\/32035\/revisions\/32039"}],"wp:featuredmedia":[{"embeddable":true,"href":"https:\/\/tvsensor.com\/api\/wp\/v2\/media\/32036"}],"wp:attachment":[{"href":"https:\/\/tvsensor.com\/api\/wp\/v2\/media?parent=32035"}],"wp:term":[{"taxonomy":"category","embeddable":true,"href":"https:\/\/tvsensor.com\/api\/wp\/v2\/categories?post=32035"},{"taxonomy":"post_tag","embeddable":true,"href":"https:\/\/tvsensor.com\/api\/wp\/v2\/tags?post=32035"}],"curies":[{"name":"wp","href":"https:\/\/api.w.org\/{rel}","templated":true}]}}