{"id":32031,"date":"2021-07-02T16:20:29","date_gmt":"2021-07-02T15:20:29","guid":{"rendered":"https:\/\/senzor.ba\/?p=32031"},"modified":"2024-01-15T21:29:03","modified_gmt":"2024-01-15T20:29:03","slug":"ovo-je-spisak-zrtava-genocida-koje-ce-biti-ukopane-ove-godine-na-dzenazi-u-srebrenici","status":"publish","type":"post","link":"https:\/\/tvsensor.com\/clanak\/ovo-je-spisak-zrtava-genocida-koje-ce-biti-ukopane-ove-godine-na-dzenazi-u-srebrenici\/","title":{"rendered":"Ovo je spisak \u017ertava genocida koje \u0107e biti ukopane ove godine na d\u017eenazi u Srebrenici"},"content":{"rendered":"\n<p>U mezarju Memorijalnog centra Srebrenica &#8211; Poto\u010dari 11. jula ove godine bit \u0107e ukopani posmrtni ostaci devetnaest \u017ertava genocida po\u010dinjenog 1995. godine u Srebrenici.<\/p>\n\n\n\n<p>&#8220;Najmla\u0111a \u017ertva koja \u0107e ove godine biti ukopana u Memorijalnom centru Poto\u010dari je Azmir Osmanovi\u0107 koji je imao svega 16 godina kada je likvidiran. Kona\u010dan smiraj ove godine \u0107e prona\u0107i jo\u0161 jedan maloljetnik Fikret Kiveri\u0107 koji je imao 17 godina u momentu smrti&#8221;, kazala je Emza Fazli\u0107, glasnogovornica Instituta za nestale osobe Bosne i Hercegovine.<\/p>\n\n\n\n<p>Kako je navela, ove godine kona\u010dan smiraj na\u0107i \u0107e i jedna \u017eena Zilha Deli\u0107. U momentu stradanja imala je svega 24 godine.<\/p>\n\n\n\n<p>&#8220;U Memorijalnom centru Srebrenica &#8211; Poto\u010dari bit \u0107e ukopani ove godine i otac i sin Hajro i Jusuf Alji\u0107&#8221;, naglasila je Fazli\u0107.<\/p>\n\n\n\n<p>Najstarija \u017ertva koja \u0107e na\u0107i svoj kona\u010dni smiraj u Memorijalnom centru Poto\u010dari jeste Husein Kurba\u0161i\u0107, koji je imao 63 godine u \u010dasu smrti.<\/p>\n\n\n\n<p>U mezarju Memorijalnog centra Poto\u010dari \u2013 Srebrenica ove godine bit \u0107e ukopani: Vejsil (Abdulah) Hamzabegovi\u0107 ro\u0111en 1939. godine, Muhidin (Mujo) Mehmedovi\u0107 ro\u0111en 1977, Fikret (Ramiz) Kiveri\u0107 ro\u0111en 1978, Ramiz (Rizvo) Selimovi\u0107 ro\u0111en 1951, Esnaf (Zurijet) Halilovi\u0107 ro\u0111en 1976, Zilha (Edhem) Deli\u0107 ro\u0111ena 1971, Muamer (Osman) Muji\u0107 ro\u0111en 1976, Mehmed (Mustafa) Beganovi\u0107 ro\u0111en 1947, Hajrp (Ramo) Alji\u0107 ro\u0111en 1944, Jusuf (Hajro) Alji\u0107 ro\u0111en 1967, Zajim (Mujo) Hasanovi\u0107 ro\u0111en 1968, Asim (Husejin) Nuki\u0107 ro\u0111en 1971, Azmir (Aziz) Osmanovi\u0107 ro\u0111en 1979, Nezir (Re\u0161id) Dautovi\u0107 ro\u0111en 1969, Ibrahim (Suljo) Avdagi\u0107 ro\u0111en 1950, Jusuf (Adem) Halilovi\u0107 ro\u0111en 1948, Salih (D\u017eanan) D\u017eananovi\u0107 ro\u0111en 1955, Meho (Salih) Karahod\u017ei\u0107 ro\u0111en 1939. i Husein (Ibrahim) Kurba\u0161i\u0107 ro\u0111en 1932.<\/p>\n\n\n\n<p>U Komemorativnom centru u Tuzli nalaze se posmrtni ostaci jo\u0161 88 \u017ertava za koje je stigao DNK nalaz o identitetu, ali te \u017ertve nisu zvani\u010dno identifikovale porodice.<\/p>\n\n\n\n<p>Identifikovano je jo\u0161 36 \u017ertava, ali porodice jo\u0161 nisu dale saglasnost za njihov ukop, uglavnom zbog oskudnih skeletnih ostataka ovih \u017ertava koji su do sada prona\u0111eni.<\/p>\n\n\n\n<p>Porodice dvije \u017ertve koje su dale saglasnost ove godine pa je potom povukle, odlu\u010dile su se za ukop posmrtnih ostataka njihovih najmilijih naredne, 2022. godine.<\/p>\n\n\n\n<p>U Memorijalnom centru Srebrenica \u2013 Poto\u010dari, do sada su ukopane 6.652 \u017ertve genocida po\u010dinjenog u julu 1995. godine, dok je na drugim lokacijama, a prema \u017eeljama porodica \u017ertava, ukopano jo\u0161 237 \u017ertava genocida. Jo\u0161 uvijek se traga za oko 1.000 \u017ertava genocida.<\/p>\n","protected":false},"excerpt":{"rendered":"<p>U mezarju Memorijalnog centra Srebrenica &#8211; Poto\u010dari 11. jula ove godine bit \u0107e ukopani posmrtni ostaci devetnaest \u017ertava genocida po\u010dinjenog 1995. godine u Srebrenici. &#8220;Najmla\u0111a \u017ertva koja \u0107e ove godine biti ukopana u Memorijalnom centru Poto\u010dari je Azmir Osmanovi\u0107 koji je imao svega 16 godina kada je likvidiran. Kona\u010dan smiraj ove godine \u0107e prona\u0107i jo\u0161 [&hellip;]<\/p>\n","protected":false},"author":59,"featured_media":32032,"comment_status":"open","ping_status":"closed","sticky":false,"template":"","format":"standard","meta":{"inline_featured_image":false,"footnotes":""},"categories":[38],"tags":[],"class_list":{"0":"post-32031","1":"post","2":"type-post","3":"status-publish","4":"format-standard","5":"has-post-thumbnail","7":"category-vijesti-iz-bih"},"acf":[],"_links":{"self":[{"href":"https:\/\/tvsensor.com\/api\/wp\/v2\/posts\/32031","targetHints":{"allow":["GET"]}}],"collection":[{"href":"https:\/\/tvsensor.com\/api\/wp\/v2\/posts"}],"about":[{"href":"https:\/\/tvsensor.com\/api\/wp\/v2\/types\/post"}],"author":[{"embeddable":true,"href":"https:\/\/tvsensor.com\/api\/wp\/v2\/users\/59"}],"replies":[{"embeddable":true,"href":"https:\/\/tvsensor.com\/api\/wp\/v2\/comments?post=32031"}],"version-history":[{"count":2,"href":"https:\/\/tvsensor.com\/api\/wp\/v2\/posts\/32031\/revisions"}],"predecessor-version":[{"id":32034,"href":"https:\/\/tvsensor.com\/api\/wp\/v2\/posts\/32031\/revisions\/32034"}],"wp:featuredmedia":[{"embeddable":true,"href":"https:\/\/tvsensor.com\/api\/wp\/v2\/media\/32032"}],"wp:attachment":[{"href":"https:\/\/tvsensor.com\/api\/wp\/v2\/media?parent=32031"}],"wp:term":[{"taxonomy":"category","embeddable":true,"href":"https:\/\/tvsensor.com\/api\/wp\/v2\/categories?post=32031"},{"taxonomy":"post_tag","embeddable":true,"href":"https:\/\/tvsensor.com\/api\/wp\/v2\/tags?post=32031"}],"curies":[{"name":"wp","href":"https:\/\/api.w.org\/{rel}","templated":true}]}}