{"id":32025,"date":"2021-07-02T15:34:48","date_gmt":"2021-07-02T14:34:48","guid":{"rendered":"https:\/\/senzor.ba\/?p=32025"},"modified":"2024-01-15T21:29:04","modified_gmt":"2024-01-15T20:29:04","slug":"bakir-izetbegovic-o-odluci-denisa-zvizdica-da-napusti-sda","status":"publish","type":"post","link":"https:\/\/tvsensor.com\/clanak\/bakir-izetbegovic-o-odluci-denisa-zvizdica-da-napusti-sda\/","title":{"rendered":"Bakir Izetbegovi\u0107 o odluci Denisa Zvizdi\u0107a da napusti SDA"},"content":{"rendered":"\n<p><strong>Denis Zvizdi\u0107<\/strong>&nbsp;ima pravo na svoje vi\u0111enje stanja u stranci i \u017eivotne oduke i \u017eelim mu dobro zdravlje u \u017eivotu &#8211; kratko je danas kazao predsjednik Stranke demokratske akcije (SDA) Bakir Izetbegovi\u0107 nakon \u0161to je Zvizdi\u0107 i zvani\u010dno napustio tu stranku.<\/p>\n\n\n\n<p>On je danas podnio neopozivu ostavku na mjesto potpredsjednika Stranke demokratske akcije (SDA), \u010dlana Predsjedni\u0161tva SDA i istupio iz \u010dlanstva u SDA jer smatra da se u toj stranci nisu desile o\u010dekivane programske i strukturalne promjene.<\/p>\n\n\n\n<p>&#8220;<strong>Odluka koju sam donio nije bila ni laka ni jednostavna, ali je poslije svega bila jedina mogu\u0107a,<\/strong>\u00a0imaju\u0107i u vidu \u010dinjenicu da u SDA, po mom mi\u0161ljenju, nisu napravljene o\u010dekivane kvalitativne, programske i kadrovske promjene&#8221;, rekao je Zvizdi\u0107.<\/p>\n\n\n\n<p>Poru\u010dio je da nije bilo korektno samo oti\u0107i, a ne upozoriti na neke probleme budu\u0107i da je, isti\u010de, \u017eivio tu stranku te da ima vi\u0161edecenijsku saradnju s ljudima iz SDA, zbog \u010dega je odlu\u010dio prvo poku\u0161ati popraviti situaciju u stranci.<\/p>\n\n\n\n<p><strong>Ka\u017ee da postoje tri opcije nakon ovakvog poteza &#8211; osnivanje neke nove stranke<\/strong>, davanje podr\u0161ke nekoj postoje\u0107oj stranci i status samostalnog poslanika u Predstavni\u010dkom domu Parlamentarne skup\u0161tine BiH u kojoj trenutno obavlja du\u017enost \u010dlana Kolegija Doma.<\/p>\n","protected":false},"excerpt":{"rendered":"<p>Denis Zvizdi\u0107&nbsp;ima pravo na svoje vi\u0111enje stanja u stranci i \u017eivotne oduke i \u017eelim mu dobro zdravlje u \u017eivotu &#8211; kratko je danas kazao predsjednik Stranke demokratske akcije (SDA) Bakir Izetbegovi\u0107 nakon \u0161to je Zvizdi\u0107 i zvani\u010dno napustio tu stranku. On je danas podnio neopozivu ostavku na mjesto potpredsjednika Stranke demokratske akcije (SDA), \u010dlana Predsjedni\u0161tva [&hellip;]<\/p>\n","protected":false},"author":59,"featured_media":32026,"comment_status":"open","ping_status":"closed","sticky":false,"template":"","format":"standard","meta":{"inline_featured_image":false,"footnotes":""},"categories":[234,37],"tags":[],"class_list":{"0":"post-32025","1":"post","2":"type-post","3":"status-publish","4":"format-standard","5":"has-post-thumbnail","7":"category-politika","8":"category-vijesti"},"acf":[],"_links":{"self":[{"href":"https:\/\/tvsensor.com\/api\/wp\/v2\/posts\/32025","targetHints":{"allow":["GET"]}}],"collection":[{"href":"https:\/\/tvsensor.com\/api\/wp\/v2\/posts"}],"about":[{"href":"https:\/\/tvsensor.com\/api\/wp\/v2\/types\/post"}],"author":[{"embeddable":true,"href":"https:\/\/tvsensor.com\/api\/wp\/v2\/users\/59"}],"replies":[{"embeddable":true,"href":"https:\/\/tvsensor.com\/api\/wp\/v2\/comments?post=32025"}],"version-history":[{"count":1,"href":"https:\/\/tvsensor.com\/api\/wp\/v2\/posts\/32025\/revisions"}],"predecessor-version":[{"id":32027,"href":"https:\/\/tvsensor.com\/api\/wp\/v2\/posts\/32025\/revisions\/32027"}],"wp:featuredmedia":[{"embeddable":true,"href":"https:\/\/tvsensor.com\/api\/wp\/v2\/media\/32026"}],"wp:attachment":[{"href":"https:\/\/tvsensor.com\/api\/wp\/v2\/media?parent=32025"}],"wp:term":[{"taxonomy":"category","embeddable":true,"href":"https:\/\/tvsensor.com\/api\/wp\/v2\/categories?post=32025"},{"taxonomy":"post_tag","embeddable":true,"href":"https:\/\/tvsensor.com\/api\/wp\/v2\/tags?post=32025"}],"curies":[{"name":"wp","href":"https:\/\/api.w.org\/{rel}","templated":true}]}}