{"id":32018,"date":"2021-07-01T19:29:51","date_gmt":"2021-07-01T18:29:51","guid":{"rendered":"https:\/\/senzor.ba\/?p=32018"},"modified":"2024-01-15T21:29:06","modified_gmt":"2024-01-15T20:29:06","slug":"komsic-hdz-ovo-pristajanje-na-smanjivanje-ovlasti-doma-naroda-je-podvala-zele-ih-ojacati","status":"publish","type":"post","link":"https:\/\/tvsensor.com\/clanak\/komsic-hdz-ovo-pristajanje-na-smanjivanje-ovlasti-doma-naroda-je-podvala-zele-ih-ojacati\/","title":{"rendered":"Kom\u0161i\u0107: HDZ-ovo pristajanje na \u2018smanjivanje\u2019 ovlasti Doma naroda je podvala, \u017eele ih oja\u010dati"},"content":{"rendered":"\n<p>\u010clan Predsjedni\u0161tva Bosne i Hercegovine \u017deljko Kom\u0161i\u0107 smatra da se kvalitetna izmjena izbornog zakonodavstva ne mo\u017ee izvr\u0161iti bez izmjena Ustava, da BiH, ako \u017eeli pravednije dru\u0161tvo, jednakih prava za sve, mora i\u0107i ka izgradnji gra\u0111anskog dru\u0161tva.<\/p>\n\n\n\n<p>Kom\u0161i\u0107 je u intervjuu za Anadolu Agency (AA) rekao je kako su gra\u0111ani Bosne i Hercegovine, zapravo njegovi najiskreniji saveznici u bosanskohercegova\u010dkoj politici jer jedino gra\u0111ani BiH be pristaju na etni\u010dku podjelu dr\u017eave. Prema njegovom mi\u0161ljenju, za regiju veoma je bitna zajedni\u010dka evropska budu\u0107nost svih zemalja Zapadnog Balkana.<\/p>\n\n\n\n<p><strong>Bojite li se da bi ukoliko se ne postignu izmjene Izbornog zakona Bosne i Hercegovine kakve o\u010dekuje HDZ BiH moglo do\u0107i do bokade odr\u017eavanja izbora 2022. godine, a posebno ako do\u0111e do njihove implementacije?<\/strong><\/p>\n\n\n\n<p>Kom\u0161i\u0107: Po mom uvjerenju postoji o\u010dita namjera kod HDZ-a BiH da posegnu za takvim djelovanjem, samo je pitanje politi\u010dke odluke smiju li se u to upustiti. Blokiranje izbora se mo\u017ee izvr\u0161iti putem blokade dono\u0161enja bud\u017eeta institucija. Takvo iskustvo smo imali jo\u0161 pro\u0161le godine, pa su lokalni izbori pomjerani, ne samo zbog pandemije nego i zbog toga. Me\u0111utim, smatram da takvu vrstu politi\u010dke drskosti se nikako ne bi smjelo dopustiti, posebno ne od strane me\u0111unarodne zajednice. Ne mo\u017eete blokirati izbore samo zato \u0161to vam se ne svi\u0111aju izborna pravila koja su na snazi od Dejtona do danas. Njih, dodu\u0161e, treba mijenjati, ali opet ne u antievropskom i antidemokratskom smjeru u kojem HDZ to \u017eeli.<\/p>\n\n\n\n<p><strong>Mogu li izmjene Izbornog zakona bez izmjena Ustava? Kako pomiriti koncept konstitutivnosti i gra\u0111anskog dru\u0161tva?<\/strong><\/p>\n\n\n\n<p><strong>Smanjiti ovlasti domova naroda<\/strong><\/p>\n\n\n\n<p>Kom\u0161i\u0107: Smatram da se kvalitetna reforma izbornog zakonodavstva ne mo\u017ee izvr\u0161iti bez izmjena Ustava. Takvu tvrdnju podupiru presude Evropskog suda za ljudska prava, sa pravne strane, a sa politi\u010dke strane gledano, i Sjedinjene Ameri\u010dke Dr\u017eave i Evropska unija su pri stavu da je prvo potrebno izvr\u0161iti ograni\u010dene izmjene Ustava Bosne i Hercegovine. Ja sam saglasan i sa pravnom i sa politi\u010dkom konstatacijom da izmjene Izbornog zakona ne idu bez izmjena Ustava.<\/p>\n\n\n\n<p>\u0160to se ti\u010de mirenja koncepta konstitutivnosti i gra\u0111anskog dru\u0161tva, iskren da budem, tu se u kona\u010dnici radi o dva potpuno suprotstavljena koncepta, pri \u010demu stojim na pozicijama gra\u0111anskog dru\u0161tva i dr\u017eave, onakvog koncepta kakav vlada u zapadnim demokratijama kojima te\u017eimo. Zapravo, tu se radi o konceptualnom sukobu izme\u0111u konstitutivnosti kao komunisti\u010dke zaostav\u0161tine koja je utemeljila etni\u010dki klju\u010d i princip u politici, i gra\u0111anskog dru\u0161tva, koje je obilje\u017eje euroatlanskog svijeta. Ako \u017eelimo pravdenije dru\u0161tvo, dru\u0161tvo jednakih prava za sve gra\u0111ane, mi moramo od prvog i\u0107i ka drugom.<\/p>\n\n\n\n<p>Ovo \u0161to sad imamo je jedna pat pozicija, u kojoj etni\u010dko \u2013 konstitutivno jo\u0161 uvijek ima dominantnu ulogu. To se najbolje vidi po ovlastima domova naroda koji su sredstvo etni\u010dkih politi\u010dkih blokada. Ovlasti domova naroda moraju se drasti\u010dno smanjiti i su\u0161tinski promijeniti.<\/p>\n\n\n\n<p>Ali, u tome procesu se ne smije upasti u jednu zamku \u2013 primjera radi, da se ovlasti domova naroda kozmeti\u010dkim i formalnim promjenama \u201csmanje\u201d, a da se k tome etni\u010dko predstavljanje, kao sredstvo blokada, iz domova naroda preseli u predstavni\u010dke skup\u0161tine. Time bi etni\u010dki princip samo bio dodatno oja\u010dan. Vidim da HDZ, kroz na\u010delno \u201epristajanje\u201c na reduciranje uloge doma naroda, \u017eeli da napravi tu vrstu podvale. Njihov na\u010din \u201esmanjivanja\u201c uloge doma naroda nije smanjivanje nego, zapravo, ja\u010danje te etni\u010dke uloge.<\/p>\n\n\n\n<p><strong>Kako gledate na sve u\u010destalije lo\u0161e djelovanje zvani\u010dnog Zagreba spram Bosne i Hercegovine u skoro svim aspektima. Radi li se o pritiscima s ciljem realizacije zahtjeva HDZ-a u BiH?<\/strong><\/p>\n\n\n\n<p>Kom\u0161i\u0107: To djelovanje, kao \u0161to ste vidjeli, obilo se zvani\u010dnom Zagrebu o glavu. Nakon Rezolucije Evropskog parlamenta iz koje su izba\u010deni termini tzv. konstitutivnosti, legitimnog predstavljanja, federalizacije, nismo bili u prilici mnogo \u010duti zvani\u010dnike iz Zagreba, a samo se sjetite kako su mjesecima ranije, skoro na dnevnoj bazi, svima okolo dr\u017eali predavanja o tome kako urediti izborni zakon u na\u0161oj dr\u017eavi. Ni\u0161ta od toga nisu uspjeli, a mi smo se, po\u0161to je ovo na\u0161a zemlja, a ne njihova, potrudili da ne uspiju u tome da se kroz EU institucije proguraju rje\u0161enja i formulacije koje idu na \u0161tetu dr\u017eave Bosne i Hercegovine. Me\u0111utim, ta politi\u010dka utakmica nije zavr\u0161ena, ona jo\u0161 uvijek traje. \u0160tavi\u0161e, intenzivira se, i ja bih iskoristio i ovu priliku da pozovem gra\u0111ane na\u0161e dr\u017eave na budnost i oprez. To su moji najiskreniji saveznici u bosanskohercegova\u010dkoj politici. Jedino gra\u0111ani Bosne i Hercegovine nisu ti koji su spremni da pristanu na etni\u010dku podjelu na\u0161e dr\u017eave, jer svi znamo \u010demu to vodi. Jedino oni ne mogu i ne znaju izdati domovinu.<\/p>\n\n\n\n<p><strong>\u0160ta o\u010dekujete od novog visokog predstavnika u BiH? Je li vrijeme za aktivniju ulogu me\u0111unarodne zajednice u BiH?<\/strong><\/p>\n\n\n\n<p>Kom\u0161i\u0107: O\u010dekujem, prije svega, podr\u0161ku onim politi\u010dkim snagama koje su spremne da rade na ispunjavanju prioriteta iz Mi\u0161ljenja Evropske komisije o kandidatskom statusu za \u010dlanstvo Bosne i Hercecegovine u EU-u, jer je to nu\u017ean preduslov evropskih i euroatlanskih integracija.<\/p>\n\n\n\n<p><strong>Mnogo se pri\u010da o Zapadnom Balkanu i EU-u. Mislite li da \u0107e sve zemlje regije u\u0107i zajedno u tu zajednicu?<\/strong><\/p>\n\n\n\n<p>Kom\u0161i\u0107: Dobro bi bilo kad bi sve zemlje na Zapadnom Balkanu mogle zajedno u\u0107i u EU, ali to u ovom trenutku nije realno, jer se ne kre\u0107emo svi istim tempom. Me\u0111utim, vjerujem u zajedni\u010dku evropsku budu\u0107nost svih zemalja Zapadnog Balkana.<\/p>\n\n\n\n<p><strong>Crnogorska rezolucija lekcija i Srbiji i BiH<\/strong><\/p>\n\n\n\n<p><strong>Rezolucija o genocidu Parlamenta Crne Gore, koliko je va\u017ena za budu\u0107nost i pomirenje na prostorima Zapadnog Balkana?<\/strong><\/p>\n\n\n\n<p>Kom\u0161i\u0107: Mislim da je veoma va\u017ena. Crna Gora je napravila jedan civilizacijski iskorak i time o\u010ditala lekciju Srbiji, ali i nama u Bosni i Hercegovini koji bismo morali da uradimo isto, da se ve\u0107 jednom prekine sa negiranjem genocida, koje na\u017ealost prelazi u fazu veli\u010danja genocida i zlo\u010dina, a vrijeme prolazi. Ukoliko se u sljede\u0107im godinama to ne desi, bojim se da su onda i sve presude koje su donesene pred me\u0111unarodnim sudovima degradirane. Vrijeme nije na\u0161 saveznik kada je u pitanju zakonska zabrana negiranja genocida. Ve\u0107 davno je to trebalo biti ura\u0111eno, zbog generacije ljudi koja je sad stasala u ljude najproduktivnijeg \u017eivotnog doba, a da ne govorim o budu\u0107im generacijama, kojima \u0107e jo\u0161 te\u017ee biti da se nose s tim ukoliko stvari zakonski i na jedan civiliziran na\u010din ne uredimo.<\/p>\n\n\n\n<p><strong>Kako komentari\u0161ete najnoviju prvostepenu presudu MMKS-a u Hagu nekada\u0161njim \u010delnicima Slu\u017ebe dr\u017eavne sigurnosti Srbije Jovici Stani\u0161i\u0107u i Franku Simatovi\u0107u?<\/strong><\/p>\n\n\n\n<p>Kom\u0161i\u0107: Presuda Stani\u0161i\u0107u i Simatovi\u0107u jasno ukazuje da je obavje\u0161tajni vrh tada\u0161nje susjedne dr\u017eave imao aktivno u\u010de\u0161\u0107e u ranim zlo\u010dinima u Bosni i Hercegovini i Hrvatskoj. To je jako va\u017ena presuda kojom se utvr\u0111uje direktna odgovornost dvije veoma bitne rukovode\u0107e osobe iz Srbije za po\u010dinjenje niza zlo\u010dina s ciljem stvaranja etni\u010dki o\u010di\u0161\u0107ene Bosne i Hercegovine, odnosno Stani\u0161i\u0107 i Simatovi\u0107 doprinijeli su \u010dinjenju zlo\u010dina od strane paravojnih snaga i drugih naoru\u017eanih grupa u ostvarivanju kampanja etni\u010dkog \u010di\u0161\u0107enja protiv nesrpskog stanovni\u0161tva. Ova presuda ima svoj pravni sadr\u017eaj, ali je jednako va\u017ean i onaj politi\u010dki dio, jer ona zapravo govori kako izgleda na terenu ideja bilo kojeg velikodr\u017eavnog projekta, bez obzira na to da li se to zove \u201eVelika Srbija\u201c ili \u201eSrpski svet\u201c kako to neki danas plasiraju u javnost. Zapravo je ovo presuda tim velikodr\u017eavnim projektima.<\/p>\n","protected":false},"excerpt":{"rendered":"<p>\u010clan Predsjedni\u0161tva Bosne i Hercegovine \u017deljko Kom\u0161i\u0107 smatra da se kvalitetna izmjena izbornog zakonodavstva ne mo\u017ee izvr\u0161iti bez izmjena Ustava, da BiH, ako \u017eeli pravednije dru\u0161tvo, jednakih prava za sve, mora i\u0107i ka izgradnji gra\u0111anskog dru\u0161tva. Kom\u0161i\u0107 je u intervjuu za Anadolu Agency (AA) rekao je kako su gra\u0111ani Bosne i Hercegovine, zapravo njegovi najiskreniji [&hellip;]<\/p>\n","protected":false},"author":59,"featured_media":32019,"comment_status":"open","ping_status":"closed","sticky":false,"template":"","format":"standard","meta":{"inline_featured_image":false,"footnotes":""},"categories":[75,234],"tags":[],"class_list":{"0":"post-32018","1":"post","2":"type-post","3":"status-publish","4":"format-standard","5":"has-post-thumbnail","7":"category-intervju","8":"category-politika"},"acf":[],"_links":{"self":[{"href":"https:\/\/tvsensor.com\/api\/wp\/v2\/posts\/32018","targetHints":{"allow":["GET"]}}],"collection":[{"href":"https:\/\/tvsensor.com\/api\/wp\/v2\/posts"}],"about":[{"href":"https:\/\/tvsensor.com\/api\/wp\/v2\/types\/post"}],"author":[{"embeddable":true,"href":"https:\/\/tvsensor.com\/api\/wp\/v2\/users\/59"}],"replies":[{"embeddable":true,"href":"https:\/\/tvsensor.com\/api\/wp\/v2\/comments?post=32018"}],"version-history":[{"count":1,"href":"https:\/\/tvsensor.com\/api\/wp\/v2\/posts\/32018\/revisions"}],"predecessor-version":[{"id":32020,"href":"https:\/\/tvsensor.com\/api\/wp\/v2\/posts\/32018\/revisions\/32020"}],"wp:featuredmedia":[{"embeddable":true,"href":"https:\/\/tvsensor.com\/api\/wp\/v2\/media\/32019"}],"wp:attachment":[{"href":"https:\/\/tvsensor.com\/api\/wp\/v2\/media?parent=32018"}],"wp:term":[{"taxonomy":"category","embeddable":true,"href":"https:\/\/tvsensor.com\/api\/wp\/v2\/categories?post=32018"},{"taxonomy":"post_tag","embeddable":true,"href":"https:\/\/tvsensor.com\/api\/wp\/v2\/tags?post=32018"}],"curies":[{"name":"wp","href":"https:\/\/api.w.org\/{rel}","templated":true}]}}