{"id":32009,"date":"2021-07-01T19:22:53","date_gmt":"2021-07-01T18:22:53","guid":{"rendered":"https:\/\/senzor.ba\/?p=32009"},"modified":"2024-01-15T21:29:06","modified_gmt":"2024-01-15T20:29:06","slug":"olujno-nevrijeme-pogodilo-srednju-bosnu","status":"publish","type":"post","link":"https:\/\/tvsensor.com\/clanak\/olujno-nevrijeme-pogodilo-srednju-bosnu\/","title":{"rendered":"Olujno nevrijeme pogodilo srednju Bosnu"},"content":{"rendered":"\n<p>Olujno nevrijeme pra\u0107eno gradom pogodilo je u popodnevnim satima ve\u0107i dio BiH, a na podru\u010dju Visokog bio i veli\u010dine oraha, a na momente i koko\u0161ijeg jajeta.<\/p>\n\n\n\n<p>Mje\u0161tani bu\u010dkog kraja u okolini Visokog ka\u017eu da je grad padao vi\u0161e od 10 minuta i da je uni\u0161tio dobar dio usjeva, vo\u0107a i povr\u0107a.<\/p>\n\n\n\n<p>Veliki pljusak zabilje\u017een je i u Sarajevu, Kaknju i Zenici, ali za sada nema informacija o pri\u010dinjenoj materijalnoj \u0161teti.<\/p>\n\n\n\n<p>Pri\u010dinjena je velika materijalna \u0161teta i u viso\u010dkom selu Stupari\u0107i, kako na poljoprivrenim usjevima tako i na doma\u0107instvima, a mje\u0161tani javljaju da je stradao i crijep na krovovima.<\/p>\n","protected":false},"excerpt":{"rendered":"<p>Olujno nevrijeme pra\u0107eno gradom pogodilo je u popodnevnim satima ve\u0107i dio BiH, a na podru\u010dju Visokog bio i veli\u010dine oraha, a na momente i koko\u0161ijeg jajeta. Mje\u0161tani bu\u010dkog kraja u okolini Visokog ka\u017eu da je grad padao vi\u0161e od 10 minuta i da je uni\u0161tio dobar dio usjeva, vo\u0107a i povr\u0107a. Veliki pljusak zabilje\u017een je [&hellip;]<\/p>\n","protected":false},"author":59,"featured_media":32015,"comment_status":"open","ping_status":"closed","sticky":false,"template":"","format":"gallery","meta":{"inline_featured_image":false,"footnotes":""},"categories":[38],"tags":[],"class_list":{"0":"post-32009","1":"post","2":"type-post","3":"status-publish","4":"format-gallery","5":"has-post-thumbnail","7":"category-vijesti-iz-bih","8":"post_format-post-format-gallery"},"acf":[],"_links":{"self":[{"href":"https:\/\/tvsensor.com\/api\/wp\/v2\/posts\/32009","targetHints":{"allow":["GET"]}}],"collection":[{"href":"https:\/\/tvsensor.com\/api\/wp\/v2\/posts"}],"about":[{"href":"https:\/\/tvsensor.com\/api\/wp\/v2\/types\/post"}],"author":[{"embeddable":true,"href":"https:\/\/tvsensor.com\/api\/wp\/v2\/users\/59"}],"replies":[{"embeddable":true,"href":"https:\/\/tvsensor.com\/api\/wp\/v2\/comments?post=32009"}],"version-history":[{"count":2,"href":"https:\/\/tvsensor.com\/api\/wp\/v2\/posts\/32009\/revisions"}],"predecessor-version":[{"id":32017,"href":"https:\/\/tvsensor.com\/api\/wp\/v2\/posts\/32009\/revisions\/32017"}],"wp:featuredmedia":[{"embeddable":true,"href":"https:\/\/tvsensor.com\/api\/wp\/v2\/media\/32015"}],"wp:attachment":[{"href":"https:\/\/tvsensor.com\/api\/wp\/v2\/media?parent=32009"}],"wp:term":[{"taxonomy":"category","embeddable":true,"href":"https:\/\/tvsensor.com\/api\/wp\/v2\/categories?post=32009"},{"taxonomy":"post_tag","embeddable":true,"href":"https:\/\/tvsensor.com\/api\/wp\/v2\/tags?post=32009"}],"curies":[{"name":"wp","href":"https:\/\/api.w.org\/{rel}","templated":true}]}}