{"id":31739,"date":"2021-06-27T09:06:21","date_gmt":"2021-06-27T08:06:21","guid":{"rendered":"https:\/\/senzor.ba\/?p=31739"},"modified":"2024-01-15T21:29:46","modified_gmt":"2024-01-15T20:29:46","slug":"slovenski-zastupnik-covic-ljubic-plenkovic-su-ljudi-ideja-lose-proslosti-to-nije-moderna-eu","status":"publish","type":"post","link":"https:\/\/tvsensor.com\/clanak\/slovenski-zastupnik-covic-ljubic-plenkovic-su-ljudi-ideja-lose-proslosti-to-nije-moderna-eu\/","title":{"rendered":"Slovenski zastupnik: \u010covi\u0107, Ljubi\u0107, Plenkovi\u0107 su ljudi ideja lo\u0161e pro\u0161losti, to nije moderna EU"},"content":{"rendered":"\n<p>Rezolucija Evropskog parlamenta poruka je gra\u0111anima BiH da je njihovoj zemlji mjesto u EU.<\/p>\n\n\n\n<p>Poruka je to i bh. politi\u010darima da je isteklo vrijeme politike pro\u0161losti i podjela, koja je gra\u0111anima donijela mnogo lo\u0161ega i vrlo malo dobroga. Poru\u010dio je to u ekskluzivnom intervjuu za Vijesti.ba slovenski zastupnik stranke Renew Europe u Evropskom parlamentu Klemen Gro\u0161elj, koji je glasao za Rezoluciju i bio protiv amandmana hrvatskih europarlamentaraca.<\/p>\n\n\n\n<p>Gro\u0161elj je govorio o zna\u010daju same Rezolucije za BiH i njene gra\u0111ane, otkrio je za\u0161to spomenuti amandmani nisu pro\u0161li, analizirao ideje konstitutivnosti i legitimnog predstavljanja u vrijeme kada svaka zemlja \u010dlanica EU te\u017ei gra\u0111anskom principu, ali i poslao jasnu poruku da je 25 godina od potpisivanja Daytonskog mirovnog sporazuma kona\u010dno do\u0161lo vrijeme da BiH odlu\u010dnije krene putem evropskih integracija.<\/p>\n\n\n\n<p>Gospodine Gro\u0161elj, vi ste bili jedan od poslanika u Evropskom parlamentu koji su u \u010detvrtak podr\u017eali usvajanje Rezolucije o BiH za 2020. godinu. Mo\u017eete li mi dati neku svoju ocjenu \u2013 koliko je ta Rezolucija zapravo va\u017ena za BiH?<\/p>\n\n\n\n<p>GRO\u0160ELJ: Ova rezolucija koju je usvojio Evropski parlament, odnosno velika ve\u0107ina, zna\u010di prije svega poruku bh. gra\u0111anima \u2013 da je Bosni i Hercegovini mjesto u EU. To je poruka i politi\u010darima u BiH da je vrijeme politike pro\u0161losti, politike podjela, politike koja je gra\u0111anima BiH donijela mnogo lo\u0161ega i vrlo malo dobroga, isteklo i da je sada vrijeme za politiku koja se bazira na vrijednostima i principima na kojima se zasniva sama EU.<\/p>\n\n\n\n<p>To je poruka i institucijama EU da je vrijeme da se Bosni i Hercegovini pomogne, da se prevazi\u0111e status quo koji je onemogu\u0107avao svaku promjenu i napredak u BiH. To je poruka i svim autorima ovakvih i onakvih non-papera da Evropski parlament nema nikakvog razumijevanja za politike daljih podjela, jer temeljna ideja EU je integracija, a ne dezintegracija i podjele. Vidim to kao kraj stare i za\u010detak nove politike EU prema regionu i Bosni i Hercegovini.<\/p>\n\n\n\n<p>Prije usvajanja kona\u010dnog teksta Rezolucije, Evropski parlament odbio je sve amandmane europarlamentaraca iz Hrvatske koji su tra\u017eili da se u taj dokument uvrste pojmovi \u201ckonstitutivnost\u201d i \u201clegitimno predstavljanje\u201d. I vi ste glasali protiv tih amandmana. Zbog \u010dega? Kako gledate na te amandmane?<\/p>\n\n\n\n<p>GRO\u0160ELJ: Kao tzv. izvje\u0161ta\u010d u sjeni bio sam dijelom, moram ista\u0107i, na trenutke i te\u0161kih pregovora oko te rezolucije. Kad je postignut kompromis oko rezolucije, dogovor je bio da se na plenarnoj sjednici ne ula\u017eu amandmani. Amandmani koje su ulo\u017eile kolege iz EPP-a, ne samo da su bili suprotni dogovoru, ve\u0107 i su\u0161tinski i idejno sasvim suprotni samom postignutom kompromisu. Iako je bilo mnogo lobiranja, nisu uspjeli. A nisu uspjeli jer velika ve\u0107ina kolega u Parlamentu nije prihvatila njihove argumente. I to je potvrda da smo mi pregovara\u010di uradili dobar posao, jer rezolucija o\u010digledno odra\u017eava stajali\u0161ta i o\u010dekivanja velike ve\u0107ine kolega poslanika.<\/p>\n\n\n\n<p>Ja na to ne gledam kroz nacionalnu perspektivu, ali u svakom slu\u010daju to je jaka poruka. Gledajte, iako populisti sada izgledaju vrlo jaki, stvari se mijenjaju poslije Covida. Ameri\u010dka administracija promijenila je svoju politiku prema Balkanu, promjene se de\u0161avaju i u EU. I ova rezolucija samo slijedi taj trend. To je politi\u010dki trend koji \u0107e postati prevla\u0111uju\u0107i u narednim godinama. A mo\u017eda je vrijeme i da neki preispitaju svoja politi\u010dka stajali\u0161ta.<\/p>\n\n\n\n<p>Kakvo je Va\u0161e mi\u0161ljenje o konceptu \u201ckonstitutivnosti naroda\u201d i \u201clegitimnog predstavljanja\u201d, na \u010demu ve\u0107 du\u017ee vremena insistiraju hrvatski politi\u010dki predstavnici iz Hrvatske (npr. Andrej Plenkovi\u0107, Zoran Milanovi\u0107, Gordan Grli\u0107 Radman\u2026), ali i iz Bosne i Hercegovine (Dragan \u010covi\u0107, Bo\u017eo Ljubi\u0107\u2026)? Koliko su ta dva principa u suprotnosti sa gra\u0111anskim konceptom kojem te\u017ei svaka zemlja \u010dlanica EU?<\/p>\n\n\n\n<p>GRO\u0160ELJ: Gledajte. To su samo imena ljudi koji poku\u0161avaju isticati ideje koje su u pro\u0161losti Evropi i Balkanu donijele mnogo lo\u0161ega. Odgovor na to su u su\u0161tini ideje, vrijednosti i principi na kojima je izgra\u0111ena moderna EU. Znamo da ideje koje spominjete u pro\u0161lih deset i vi\u0161e godina nisu donijele nikakvih promjena i samo su odr\u017eavale status quo. To su \u010dinili i neki evropski, pa i ameri\u010dki predstavnici u regiji. I ako ka\u017eemo da je budu\u0107nost regiona i BiH u EU, onda je logi\u010dno da se ta budu\u0107nost gradi na vrijednostima i principima na kojima se zasniva EU. Bit \u0107e to dug i te\u017eak put, nema tu nikakve dvojbe, ali i jedini koji vodi u budu\u0107nost a ne u pro\u0161lost, gdje smo ve\u0107 bili i nije bilo dobro.<\/p>\n\n\n\n<p>Gra\u0111anski koncept zna\u010di da svaki gra\u0111anin ostvaruje sva svoja prava bez obzira na etni\u010dku, religijsku ili bilo koju drugu pripadnost. U Evropskoj uniji bili Hrvat, Slovenac, Nijemac ili \u010dak i stranac, vi prema vladavini zakona imate pravo na ostvarivanje svojih gra\u0111anskih prava. U tom pogledu rezolucija je jasna. Zbog toga su toliko va\u017ene reforme, prije svega reforma vladavine prava jer je ona temelj i zbog toga je toliko va\u017eno da se u BiH po\u010dnu implementirati presude Suda za ljudska prava u Strasbourgu i drugih me\u0111unarodnih i dr\u017eavnih institucija. Ali, nagla\u0161avam, to je tek po\u010detak puta ka pravnoj dr\u017eavi. Nikako to nije neka Milo\u0161evi\u0107eva politika, kako je to bilo nametnuto u raspravi u Parlamentu od strane onih koji budu\u0107nost vide u podjelama.<\/p>\n\n\n\n<p>Za samo desetak dana juna Evropski parlament i NATO savez sru\u0161ili su godine lobiranja hrvatske diplomatije da u svaki poku\u0161aj reformi u BiH ubace koncept konstitutivnih naroda. Naime, zemlje \u010dlanice NATO-a nedavno su odbile zahtjev hrvatskog premijera Andreja Plenkovi\u0107a da se u tekstu zajedni\u010dke Deklaracije NATO samita spomenu konstitutivni narodi u BiH. A u \u010detvrtak je to odbio i Evropski parlament. Kako to komentari\u0161ete?<\/p>\n\n\n\n<p>GRO\u0160ELJ: Mislim da sam na to pitanje ve\u0107 odgovorio, ali evo dozvolite mi da ponovim. EU i svijet poslije Covida se mijenjaju. Na taj na\u010din NATO i Evropski parlament u region su, poslije ludosti sa tzv. non-paperima, poslali jasnu poruku da je vrijeme takvih ideja pro\u0161lo. Svi koji ra\u010dunaju na druga\u010dije ciljeve moraju znati da su Kina i Rusija vrlo daleko i da su BiH i oni samo kusur u geopoliti\u010dkim ambicijama. Jer, kad veliki po\u010dnu da pregovaraju, niko, ama ba\u0161 niko ne\u0107e voditi ra\u010duna o njima.<\/p>\n\n\n\n<p>I zato je poruka rezolucije toliko va\u017ena \u2013 budu\u0107nost moderne i reformirane Bosne i Hercegovine je u Evropskoj uniji i vrijeme je da se na taj put krene. Nemam nikakvih iluzija da \u0107e on biti lak ili jednostavan, ali je 25 godina od Daytona kona\u010dno do\u0161lo vrijeme i za to.<\/p>\n","protected":false},"excerpt":{"rendered":"<p>Rezolucija Evropskog parlamenta poruka je gra\u0111anima BiH da je njihovoj zemlji mjesto u EU. Poruka je to i bh. politi\u010darima da je isteklo vrijeme politike pro\u0161losti i podjela, koja je gra\u0111anima donijela mnogo lo\u0161ega i vrlo malo dobroga. Poru\u010dio je to u ekskluzivnom intervjuu za Vijesti.ba slovenski zastupnik stranke Renew Europe u Evropskom parlamentu Klemen [&hellip;]<\/p>\n","protected":false},"author":59,"featured_media":31740,"comment_status":"open","ping_status":"closed","sticky":false,"template":"","format":"standard","meta":{"inline_featured_image":false,"footnotes":""},"categories":[75],"tags":[],"class_list":{"0":"post-31739","1":"post","2":"type-post","3":"status-publish","4":"format-standard","5":"has-post-thumbnail","7":"category-intervju"},"acf":[],"_links":{"self":[{"href":"https:\/\/tvsensor.com\/api\/wp\/v2\/posts\/31739","targetHints":{"allow":["GET"]}}],"collection":[{"href":"https:\/\/tvsensor.com\/api\/wp\/v2\/posts"}],"about":[{"href":"https:\/\/tvsensor.com\/api\/wp\/v2\/types\/post"}],"author":[{"embeddable":true,"href":"https:\/\/tvsensor.com\/api\/wp\/v2\/users\/59"}],"replies":[{"embeddable":true,"href":"https:\/\/tvsensor.com\/api\/wp\/v2\/comments?post=31739"}],"version-history":[{"count":1,"href":"https:\/\/tvsensor.com\/api\/wp\/v2\/posts\/31739\/revisions"}],"predecessor-version":[{"id":31741,"href":"https:\/\/tvsensor.com\/api\/wp\/v2\/posts\/31739\/revisions\/31741"}],"wp:featuredmedia":[{"embeddable":true,"href":"https:\/\/tvsensor.com\/api\/wp\/v2\/media\/31740"}],"wp:attachment":[{"href":"https:\/\/tvsensor.com\/api\/wp\/v2\/media?parent=31739"}],"wp:term":[{"taxonomy":"category","embeddable":true,"href":"https:\/\/tvsensor.com\/api\/wp\/v2\/categories?post=31739"},{"taxonomy":"post_tag","embeddable":true,"href":"https:\/\/tvsensor.com\/api\/wp\/v2\/tags?post=31739"}],"curies":[{"name":"wp","href":"https:\/\/api.w.org\/{rel}","templated":true}]}}