{"id":31733,"date":"2021-06-27T08:54:53","date_gmt":"2021-06-27T07:54:53","guid":{"rendered":"https:\/\/senzor.ba\/?p=31733"},"modified":"2024-01-15T21:29:48","modified_gmt":"2024-01-15T20:29:48","slug":"ziva-lomaca-prije-29-g-spaljeno-72-civila-najmladja-zrtva-imala-samo-godinu-dana","status":"publish","type":"post","link":"https:\/\/tvsensor.com\/clanak\/ziva-lomaca-prije-29-g-spaljeno-72-civila-najmladja-zrtva-imala-samo-godinu-dana\/","title":{"rendered":"\u017diva loma\u010da: Prije 29. g. spaljeno 72 civila, najmla\u0111a \u017ertva imala samo godinu dana"},"content":{"rendered":"\n<p><strong>Prije ta\u010dno 29 godina 27. juna 1992.godine u ku\u0107u Mehe Alji\u0107a na Bikavacu kod Vi\u0161egrada &#8220;Osvetnici&#8221; ratnog zlo\u010dinca Milana Luki\u0107a zatvorili su i spalili 72 ljudi.<\/strong><\/p>\n\n\n\n<p>U ku\u0107i na Bikavcu izgorjeli su \u017eene, djeca i starci. Najmla\u0111a \u017ertva imala je samo godinu dana, a jedina koja je pre\u017eivjela ovaj zlo\u010din je Zehra Turja\u010danin. Ona je o strahotama na Bikavcu svjedo\u010dila pred Me\u0111unarodnim krivi\u010dnim sudom za biv\u0161u Jugoslaviju.<\/p>\n\n\n\n<p>Samo 13 dana prije ovog stravi\u010dnog zlo\u010dina, na isti isti, surovi i neljudski na\u010din, u \u017eivoj loma\u010di u Pionirskoj ulici u Vi\u0161egradu 14.juna 1992.godine, u ku\u0107i Adema Omeragi\u0107a zapaljeno je najmanje 60 civila.<\/p>\n\n\n\n<p>Zlo\u010dini po\u010dinjeni na Bikavcu i u Pionirskoj ulici u Vi\u0161egradu predstavljaju jedan od najmonstruozniji ratnih zlo\u010dina koji su se desili tokom agresije na Bosnu i Hercegovinu. U periodu do septembra 1992. u Vi\u0161egradu je na razli\u010dite na\u010dine ubijeno oko tri hiljade Bo\u0161njaka, a jo\u0161 uvijek se traga za posmrtnim ostacima njih oko hiljadu.<\/p>\n\n\n\n<p>Za zlo\u010din na Bikavcu pravosna\u017enom presudom osu\u0111eni su Milan Luki\u0107 na do\u017eivotnu kaznu zatvora i Sredoje Luki\u0107 na 27 godina zatvora. Za u\u010de\u0161\u0107e u zlo\u010dinu, na 15 godina osu\u0111en je i Mitar Vasiljevi\u0107 koji je nakon odslu\u017eene 2\/3 kazne pu\u0161ten na slobodu i u Vi\u0161egradu do\u010dekan kao heroj.<\/p>\n\n\n\n<p>U ovom gradu danas je vrlo malo podsjetnika na stravi\u010dne zlo\u010dine po\u010dinjene u ljeto 1992.godine, iako su brojna mjesta stradanja Bo\u0161njaka Vi\u0161egrada. Ubijani su i silovani u logorima Vilina Vlas, Uzamnica, zapaljeni u \u017eivim loma\u010dama na Bikavcu i Pionirskoj, ubijani na \u010duvenom Mostu Mehmed pa\u0161e Sokolovi\u0107a i bacani u Drinu.<\/p>\n\n\n\n<p>Dana\u0161nji Vi\u0161egrad obavijen je i dalje zavjetom \u0161utnje u kojem niko od stanovnika \u201cnije vidio ni \u010duo\u201d stravi\u010dne \u017eive loma\u010de, niti vapaje ljudi nad kojima su izvr\u0161eni monstruozni zlo\u010dini. Vi\u0161egrad danas \u0161uti i o mjestima gdje su sakriveni posmrtni ostaci \u017ertava.<\/p>\n\n\n\n<p>Porodice ubijenih Vi\u0161egra\u0111ana godinama tra\u017ee smiraj za svoje najmilije. To bi bio i klju\u010dni korak za pomirenje i izgradnju naru\u0161enih odnosa, me\u0111utim Vi\u0161egrad danas ne pokazuje \u017eelju da se otrgne od aveti iz pro\u0161losti.<\/p>\n\n\n\n<p>Zvani\u010dna politika podr\u017eava veli\u010danje ratnih zlo\u010dinaca poput Dra\u017ee Mihailovi\u0107a, ali i onih koji su po\u010dinili zlo\u010dine u posljednjem ratu. U ovom se gradu ve\u0107 godinama okuplja Ravnogorski \u010detni\u010dki pokret kao i ruski dobrovoljci koji su tako\u0111er \u010dinili zlo\u010dine na ovom podru\u010dju, a u \u010diju \u010dast su podignuti i spomenici.<\/p>\n","protected":false},"excerpt":{"rendered":"<p>Prije ta\u010dno 29 godina 27. juna 1992.godine u ku\u0107u Mehe Alji\u0107a na Bikavacu kod Vi\u0161egrada &#8220;Osvetnici&#8221; ratnog zlo\u010dinca Milana Luki\u0107a zatvorili su i spalili 72 ljudi. U ku\u0107i na Bikavcu izgorjeli su \u017eene, djeca i starci. Najmla\u0111a \u017ertva imala je samo godinu dana, a jedina koja je pre\u017eivjela ovaj zlo\u010din je Zehra Turja\u010danin. Ona je [&hellip;]<\/p>\n","protected":false},"author":59,"featured_media":31734,"comment_status":"open","ping_status":"closed","sticky":false,"template":"","format":"standard","meta":{"inline_featured_image":false,"footnotes":""},"categories":[47],"tags":[],"class_list":{"0":"post-31733","1":"post","2":"type-post","3":"status-publish","4":"format-standard","5":"has-post-thumbnail","7":"category-historija"},"acf":[],"_links":{"self":[{"href":"https:\/\/tvsensor.com\/api\/wp\/v2\/posts\/31733","targetHints":{"allow":["GET"]}}],"collection":[{"href":"https:\/\/tvsensor.com\/api\/wp\/v2\/posts"}],"about":[{"href":"https:\/\/tvsensor.com\/api\/wp\/v2\/types\/post"}],"author":[{"embeddable":true,"href":"https:\/\/tvsensor.com\/api\/wp\/v2\/users\/59"}],"replies":[{"embeddable":true,"href":"https:\/\/tvsensor.com\/api\/wp\/v2\/comments?post=31733"}],"version-history":[{"count":1,"href":"https:\/\/tvsensor.com\/api\/wp\/v2\/posts\/31733\/revisions"}],"predecessor-version":[{"id":31735,"href":"https:\/\/tvsensor.com\/api\/wp\/v2\/posts\/31733\/revisions\/31735"}],"wp:featuredmedia":[{"embeddable":true,"href":"https:\/\/tvsensor.com\/api\/wp\/v2\/media\/31734"}],"wp:attachment":[{"href":"https:\/\/tvsensor.com\/api\/wp\/v2\/media?parent=31733"}],"wp:term":[{"taxonomy":"category","embeddable":true,"href":"https:\/\/tvsensor.com\/api\/wp\/v2\/categories?post=31733"},{"taxonomy":"post_tag","embeddable":true,"href":"https:\/\/tvsensor.com\/api\/wp\/v2\/tags?post=31733"}],"curies":[{"name":"wp","href":"https:\/\/api.w.org\/{rel}","templated":true}]}}