{"id":31730,"date":"2021-06-27T08:47:19","date_gmt":"2021-06-27T07:47:19","guid":{"rendered":"https:\/\/senzor.ba\/?p=31730"},"modified":"2024-01-15T21:29:48","modified_gmt":"2024-01-15T20:29:48","slug":"mirza-silajdzic-od-doma-za-djecu-bez-roditeljskog-staranja-do-uspjesnog-frizera","status":"publish","type":"post","link":"https:\/\/tvsensor.com\/clanak\/mirza-silajdzic-od-doma-za-djecu-bez-roditeljskog-staranja-do-uspjesnog-frizera\/","title":{"rendered":"Mirza Silajd\u017ei\u0107: Od doma za djecu bez roditeljskog staranja do uspje\u0161nog frizera"},"content":{"rendered":"\n<p>Mirza Silajd\u017ei\u0107 je u svom 22 godine dugom \u017eivotu uspio pre\u0107i put od doma za djecu bez roditeljskog staranja do karijere frizera s vlastitim salonom u Mostaru, gdje va\u017ei za jednog od najboljih u svojoj struci.<\/p>\n\n\n\n<p>Nakon \u0161to je ispekao zanat, uz pomo\u0107 prijatelja Miroslava Marijanovi\u0107a zasnovao je radni odnos u presti\u017enom salonu &#8220;Red Carpet&#8221;, a nakon izvjesnog vremena odva\u017eio se i kreditno zadu\u017eio te kupio stan u mostarskom naselju Zalik.<\/p>\n\n\n\n<p>Dio djetinjstva proveo je u domovima u Sarajevu, potom \u0161est godina u hraniteljskoj porodici te kasnije i dvije godine u jednom od mostarskih domova. \u010cetvrtog dana njegovog \u017eivota biolo\u0161ka majka Mirzu je ostavila u jednom od sarajevskih domova za nezbrinutu djecu.<\/p>\n\n\n\n<p>&#8220;Po ro\u0111enju i odrastanju nisam Mostarac, ali sam u ovom gradu na\u0161ao sre\u0107u. Dospio sam u dom, a nakon zavr\u0161etka srednje \u0161kole imao sam sre\u0107u i upoznao Miroslava koji je kod mene prepoznao \u017eelju za uspjehom i pomogao mi u profesionalnom i privatnom \u017eivotu. Zahvalan sam mu kao i svim drugim ljudima koji su mi pomogli na bilo koji na\u010din da bih bio to \u0161to danas jesam&#8221;, ka\u017ee Mirza u razgovoru za AA.<\/p>\n\n\n\n<p>Tokom odrastanja imao je \u017eelju upoznati biolo\u0161ke roditelje. Otac je pristao pa su se jednom susreli i razgovarali, ali je na\u017ealost odmah dao doznanja da ne \u017eeli dalji kontakt. Biolo\u0161ka majka Mirzu nije \u017eeljela vidjeti.<\/p>\n\n\n\n<p>Dio djetinjstva proveo je u hraniteljskoj porodici u jednom sarajevskom naselju pa upravo \u017eenu koja ga je bila usvojila i danas smatra drugom majkom, bez obzira \u0161to odavno ne \u017eivi pod njezinim krovom. Nakon \u0161est godina provedenih tu, Mirza se vratio u dom, jer je shvatio da bi to bilo najbolje po njega i uku\u0107ane, ne mijenjaju\u0107i odnos prema hraniteljima.<\/p>\n\n\n\n<p>&#8220;\u0160est godina sam proveo u toj porodici, ali sam bez obzira na toplinu i dobrodo\u0161licu u jednom trenutku shvatio da je vrijeme da odem. To nije zna\u010dilo da se mijenja odnos prema njima, koji je uvijek dobar i koji \u0107e takav i ostati&#8221;, govori Mirza.<\/p>\n\n\n\n<p>\u017divot u domovima za nezbrinutu djecu prema njegovim rije\u010dima je va\u017ean prije svega zbog za\u0161tite koju nudi djeci bez roditeljskog staranja, ali to kako ka\u017ee, ipak nije put koji vodi ka osamostaljenju.<\/p>\n\n\n\n<p>&#8220;Radnu naviku stekao sam u hraniteljskoj porodici. Dosta se radilo i usput u\u010dilo. Nau\u010dio sam da zdravlje ulazi na usta i od tada znam razlikovati zdravu od nezdrave hrane. Imali smo koko\u0161ke, uzgajali smo razne vrste povr\u0107a&#8221;, prisje\u0107a se Silajd\u017ei\u0107, koji je u tom period nau\u010dio i kuhati, \u0161to mu danas koristi.<\/p>\n\n\n\n<p>&#8220;Ne samo kuhati\u2026 Shvatio sam da ipak o sebi moram najvi\u0161e brinuti sam i da to drugi ne \u017eele, ne mogu ili ne\u0107e. Otad peglam, \u010distim, pripremam zimnicu\u2026 Tada sam postavio pred sebe i \u017eivotni cilj, koji se danas ostvaruje. Znam da ni\u0161ta ne pada s neba, zato sam uporan, hrabar i skroman&#8221;, ka\u017ee na kraju Mirza.<\/p>\n","protected":false},"excerpt":{"rendered":"<p>Mirza Silajd\u017ei\u0107 je u svom 22 godine dugom \u017eivotu uspio pre\u0107i put od doma za djecu bez roditeljskog staranja do karijere frizera s vlastitim salonom u Mostaru, gdje va\u017ei za jednog od najboljih u svojoj struci. Nakon \u0161to je ispekao zanat, uz pomo\u0107 prijatelja Miroslava Marijanovi\u0107a zasnovao je radni odnos u presti\u017enom salonu &#8220;Red Carpet&#8221;, [&hellip;]<\/p>\n","protected":false},"author":59,"featured_media":31731,"comment_status":"open","ping_status":"closed","sticky":false,"template":"","format":"standard","meta":{"inline_featured_image":false,"footnotes":""},"categories":[43],"tags":[],"class_list":{"0":"post-31730","1":"post","2":"type-post","3":"status-publish","4":"format-standard","5":"has-post-thumbnail","7":"category-bih"},"acf":[],"_links":{"self":[{"href":"https:\/\/tvsensor.com\/api\/wp\/v2\/posts\/31730","targetHints":{"allow":["GET"]}}],"collection":[{"href":"https:\/\/tvsensor.com\/api\/wp\/v2\/posts"}],"about":[{"href":"https:\/\/tvsensor.com\/api\/wp\/v2\/types\/post"}],"author":[{"embeddable":true,"href":"https:\/\/tvsensor.com\/api\/wp\/v2\/users\/59"}],"replies":[{"embeddable":true,"href":"https:\/\/tvsensor.com\/api\/wp\/v2\/comments?post=31730"}],"version-history":[{"count":1,"href":"https:\/\/tvsensor.com\/api\/wp\/v2\/posts\/31730\/revisions"}],"predecessor-version":[{"id":31732,"href":"https:\/\/tvsensor.com\/api\/wp\/v2\/posts\/31730\/revisions\/31732"}],"wp:featuredmedia":[{"embeddable":true,"href":"https:\/\/tvsensor.com\/api\/wp\/v2\/media\/31731"}],"wp:attachment":[{"href":"https:\/\/tvsensor.com\/api\/wp\/v2\/media?parent=31730"}],"wp:term":[{"taxonomy":"category","embeddable":true,"href":"https:\/\/tvsensor.com\/api\/wp\/v2\/categories?post=31730"},{"taxonomy":"post_tag","embeddable":true,"href":"https:\/\/tvsensor.com\/api\/wp\/v2\/tags?post=31730"}],"curies":[{"name":"wp","href":"https:\/\/api.w.org\/{rel}","templated":true}]}}