{"id":31726,"date":"2021-06-26T16:23:49","date_gmt":"2021-06-26T15:23:49","guid":{"rendered":"https:\/\/senzor.ba\/?p=31726"},"modified":"2024-01-15T21:29:49","modified_gmt":"2024-01-15T20:29:49","slug":"klanjana-17-kolektivna-dzenaza-zrtvama-vlasenice-porazavajuce-da-su-cetiri-zlocinca-odgovarala-za-2-500-zrtava","status":"publish","type":"post","link":"https:\/\/tvsensor.com\/clanak\/klanjana-17-kolektivna-dzenaza-zrtvama-vlasenice-porazavajuce-da-su-cetiri-zlocinca-odgovarala-za-2-500-zrtava\/","title":{"rendered":"Klanjana 17. kolektivna d\u017eenaza \u017ertvama Vlasenice"},"content":{"rendered":"\n<p>Na \u0161ehidskom mezarju Rakita u Vlasenici danas je klanjana 17. kolektivna d\u017eenaza \u017ertvama velikosrpskog zlo\u010dina u prolje\u0107e 1992. godine u tom gradu koju je predvodio reisu-l-ulema Islamske zajednice u BiH Husein ef. Kavazovi\u0107.<\/p>\n\n\n\n<p>U obra\u0107anju nakon d\u017eenaza-namaza, reis Kavazovi\u0107 je apostrofirao \u010dinjenicu da se na \u010delu Op\u0161tine Vlasenica nalazi osoba protiv koje se vodi krivi\u010dni proces, a za\u0161to se takva osoba nalazi na \u010delu grada u kojem je pobijeno vi\u0161e od 2.000 Bo\u0161njaka odgovore mogu dati, kako je rekao, Valentin Inzko, visoki predstavnik me\u0111unarodne zajednice u BiH, i Gordana Tadi\u0107, glavna tu\u017eiteljica Tu\u017eila\u0161tva BiH.<\/p>\n\n\n\n<p>&#8220;Ono \u010demu mi svjedo\u010dimo, ono \u0161to mo\u017eemo vidjeti jeste da ne dolazi do promjene stava prema \u017ertvi. To je ne\u0161to \u0161to je pora\u017eavaju\u0107e nakon skoro 30 godina. I dalje imamo veli\u010danje ratnih zlo\u010dinaca, imamo i dalje negiranje zlo\u010dina, imamo i dalje provokacije da tako ka\u017eemo, imamo pritisak na same \u017ertve da odustanu ponekad od tra\u017eenja pravde. Moram kazati da sam tu zabrinut, dakle ne dolazi do promjene u svijesti onih koji su po\u010dinili, ali i onih koji su podr\u017eavali na bilo koji na\u010din, a danas \u0161ute, a danas na koncu \u0161ute i na veli\u010danje tih zlo\u010dinaca&#8221;, rekao je reis Kavazovi\u0107.<\/p>\n\n\n\n<p>Potpredsjednik bh. entiteta Republika Srpska Ramiz Salki\u0107 je istakao da su zablude pri\u010de o tzv. univerzalnim porukama koje \u0161ire pojedini politi\u010dari iz RS-a, a koje se ti\u010du kulture, ekonomije, turizma&#8230;<\/p>\n\n\n\n<p>&#8220;Prvo, to su poruke zablude koje bi trebale sve nas da ponovo uspavaju i da se vratimo u neka vremena koja se nikada vi\u0161e ne bi trebala ponoviti. Ono \u0161to ljudi koji tako govore trebaju da prvo urade je prije svega da se suo\u010de s istinom, s presudama, s pro\u0161lo\u0161\u0107u i s onim \u0161to su \u010dinili njihovi sunarodnjaci. Dakle, kada to urade onda mo\u017eemo pri\u010dati o kulturi, ekonomiji, o napretku i budu\u0107nosti&#8221;, rekao je Salki\u0107, potpredsjednik bh. entiteta RS.<\/p>\n\n\n\n<p>Mujo Had\u017eiomerovi\u0107, \u010dlan Izvr\u0161nog odbora Med\u017elisa Islamske zajednice Vlasenica, upozorava da i pojedini Bo\u0161njaci, promjenom svojih iskaza, doprinose slobodi potencijalnih raznih zlo\u010dinaca iz Vlasenice.<\/p>\n\n\n\n<p>&#8220;Svjedoci smo svi u BiH rada tu\u017eila\u0161tva i sudova. Nadamo se, evo de\u0161avaju se neke promjene i o\u010dekujemo da \u0107e stanje biti popravljeno. Ali je nedopustivo ono \u0161to je za Vlasenicu vezano, 2.500 stradalih, a da su do sada samo \u010detvorica osu\u0111ena. Dakle, trenutno je deset krivi\u010dnih prijava u obradi pri Sudu i Tu\u017eila\u0161tvu BiH&#8221;, kazao je Had\u017eiomerovi\u0107.<\/p>\n\n\n\n<p>Najmla\u0111a \u017ertva koja je danas na mezarju Rakita prona\u0161la svoj smiraj je Hasib Mal\u010dinovi\u0107, koji je ubijen u 21. godini. Njegova sestra Hasija Selimovi\u0107 isti\u010de kako njihova mati nije do\u010dekala ovaj trenutak.<\/p>\n\n\n\n<p>&#8220;Kakav je osje\u0107aj? Pa znate \u0161ta, nikakav. Ne znam \u0161ta da ka\u017eem, te\u0161ko je nakon toliko godina. Mati mi umrla, nije zapamtila, a imala je volju da zapamti, da ga na\u0111u i da ga ukopa, da zna bar gdje su kosti&#8221;, ka\u017ee Selimovi\u0107.<\/p>\n\n\n\n<p>Na mezarju Rakita danas su svoj vje\u010dni smiraj prona\u0161li: Seida Ahmetovi\u0107 (ro\u0111ena 1966.), Avdo Kuljan\u010di\u0107 (ro\u0111en 1973.), Kada Sara\u010devi\u0107 (ro\u0111ena 1909.), Mehmed Sitarevi\u0107 (ro\u0111en 1936.), Hasib Mal\u010dinovi\u0107 (ro\u0111en 1972.) i Avdo Hod\u017ei\u0107 (ro\u0111en 1929.).<\/p>\n\n\n\n<p>Za zlo\u010dine u Vlasenici do sada su pravomo\u0107no osu\u0111eni Dragan Nikoli\u0107 &#8211; Jenki (koji je u me\u0111uvremenu preminuo), Predrag Bastah &#8211; Car, Goran Vi\u0161kovi\u0107 &#8211; Vjetar i Simo Stupar.<\/p>\n","protected":false},"excerpt":{"rendered":"<p>Na \u0161ehidskom mezarju Rakita u Vlasenici danas je klanjana 17. kolektivna d\u017eenaza \u017ertvama velikosrpskog zlo\u010dina u prolje\u0107e 1992. godine u tom gradu koju je predvodio reisu-l-ulema Islamske zajednice u BiH Husein ef. Kavazovi\u0107. U obra\u0107anju nakon d\u017eenaza-namaza, reis Kavazovi\u0107 je apostrofirao \u010dinjenicu da se na \u010delu Op\u0161tine Vlasenica nalazi osoba protiv koje se vodi krivi\u010dni [&hellip;]<\/p>\n","protected":false},"author":59,"featured_media":31727,"comment_status":"open","ping_status":"closed","sticky":false,"template":"","format":"standard","meta":{"inline_featured_image":false,"footnotes":""},"categories":[38],"tags":[],"class_list":{"0":"post-31726","1":"post","2":"type-post","3":"status-publish","4":"format-standard","5":"has-post-thumbnail","7":"category-vijesti-iz-bih"},"acf":[],"_links":{"self":[{"href":"https:\/\/tvsensor.com\/api\/wp\/v2\/posts\/31726","targetHints":{"allow":["GET"]}}],"collection":[{"href":"https:\/\/tvsensor.com\/api\/wp\/v2\/posts"}],"about":[{"href":"https:\/\/tvsensor.com\/api\/wp\/v2\/types\/post"}],"author":[{"embeddable":true,"href":"https:\/\/tvsensor.com\/api\/wp\/v2\/users\/59"}],"replies":[{"embeddable":true,"href":"https:\/\/tvsensor.com\/api\/wp\/v2\/comments?post=31726"}],"version-history":[{"count":2,"href":"https:\/\/tvsensor.com\/api\/wp\/v2\/posts\/31726\/revisions"}],"predecessor-version":[{"id":31729,"href":"https:\/\/tvsensor.com\/api\/wp\/v2\/posts\/31726\/revisions\/31729"}],"wp:featuredmedia":[{"embeddable":true,"href":"https:\/\/tvsensor.com\/api\/wp\/v2\/media\/31727"}],"wp:attachment":[{"href":"https:\/\/tvsensor.com\/api\/wp\/v2\/media?parent=31726"}],"wp:term":[{"taxonomy":"category","embeddable":true,"href":"https:\/\/tvsensor.com\/api\/wp\/v2\/categories?post=31726"},{"taxonomy":"post_tag","embeddable":true,"href":"https:\/\/tvsensor.com\/api\/wp\/v2\/tags?post=31726"}],"curies":[{"name":"wp","href":"https:\/\/api.w.org\/{rel}","templated":true}]}}