{"id":31720,"date":"2021-06-26T11:38:16","date_gmt":"2021-06-26T10:38:16","guid":{"rendered":"https:\/\/senzor.ba\/?p=31720"},"modified":"2024-01-15T21:29:51","modified_gmt":"2024-01-15T20:29:51","slug":"komsic-nikada-nas-nece-uhvatiti-na-spavanju-borimo-se-za-slobodu-i-domovinu","status":"publish","type":"post","link":"https:\/\/tvsensor.com\/clanak\/komsic-nikada-nas-nece-uhvatiti-na-spavanju-borimo-se-za-slobodu-i-domovinu\/","title":{"rendered":"Kom\u0161i\u0107: \u201cNikada nas ne\u0107e uhvatiti na spavanju, borimo se za slobodu i domovinu!"},"content":{"rendered":"\n<p>Hrvatska je na noge digla \u010ditavu svoju diplomatiju, od premijera, preko predsjednika, ministra vanjskih poslova, do eurozastupnika, i opet smo ih pred EU parlamentom porazili, ka\u017ee Kom\u0161i\u0107 u intervjuu za Slobodnu Bosnu.<\/p>\n\n\n\n<p>Prije dva dana je u Evropskom parlamentu usvojena Rezolucija o Bosni i Hercegovini. Uvjerljivom ve\u0107inom u Parlamentu su odba\u010deni amandmani hrvatskih europarlamentaraca.<\/p>\n\n\n\n<p><strong>Prije skoro dvije godine najavili ste da \u0107e te se u budu\u0107im razgovorima sa zvani\u010dnicima EU zalagati za odbacivanje principa konstitutivnosti naroda. Osje\u0107ate li izglasanu Rezoluciju kao svoju pobjedu i pobjedu principa za koje se zala\u017eete?<\/strong><\/p>\n\n\n\n<p>To sam rekao nakon \u0161to smo pro\u010ditali Mi\u0161ljenje Evropske komisije o kandidatskom statusu za \u010dlanstvo BiH, a pro\u010ditali smo ga isti dan kada je i objavljeno, za razliku od nekih, prije svega iz HDZ-a i SNSD-a koji ga nisu ni pro\u010ditali, ali su zato odmah po\u017eurili da ka\u017eu kako smo mi to pogre\u0161no shvatili. Vrijeme je pokazalo ko je \u0161ta pogre\u0161no shvatio, kao \u0161to je to pokazalo i prekju\u010dera\u0161nje glasanje u EU parlamentu. Me\u0111utim, i prije objave Mi\u0161ljenja EK govorili smo isto, da je to jedan prevazi\u0111eni etni\u010dki koncept koji svoj korijen vu\u010de iz sovjetskog komunizma. Mi\u0161ljenke EK je samo potvrdio ono \u0161to sam godinama ranije govorio, i nailazio na upozorenja, pa \u010dak i od nekih ljudi sa gra\u0111anskog politi\u010dkog spektra, u smislu da ne bi trebao govoriti tako, da ne bi trebao voditi takvu gra\u0111ansku politiku, nego istrajavati na nekom trulom kompromisu izme\u0111u etni\u010dkog i gra\u0111anskog. S druge strane, mi smo mislili, kad ka\u017eem mi mislim na tim ljudi s kojim radim, da tu ne mo\u017ee biti kompromisa ako \u017eelimo ka NATO i EU. Na kraju su institucije NATO i EU rekle isto.<\/p>\n\n\n\n<p>Dakle, godinama dosljedno zastupamo ovu politiku. To \u0107ete najbolje vidjeti po negodovanju onih koji joj se najvi\u0161e protive, a znate ko su ti. Me\u0111utim, nije dovoljno samo imati stav, mora se i raditi. Kada smo pisali non-paper, neki su opet rekli da nismo trebali, a malo je ko imao hrabrosti da javno ka\u017ee da stvari stoje onako kako stoje. Nekada i ne mo\u017eete javno govoriti o svemu onome \u0161to poduzimate. Jer Hrvatska je na noge digla \u010ditavu svoju diplomatiju, od premijera, preko predsjednika, ministra vanjskih poslova, do eurozastupnika, i opet smo ih pred EU parlamentom porazili. Istina je da smo kontaktirali sa zastupnicina u EU parlamentu koji razumiju poziciju BiH i koji razumiju ono \u0161to nam nastavlja\u010di UZP politike Tu\u0111mana nastoje da podvale. Ja im se i ovim putem \u017eelim zahvaliti, zato \u0161to su na strani istine, na strani gra\u0111anske i evropske Bosne i Hercegovine. Nadam se da \u0107e ovo biti dodatni motiv bh. politi\u010dkim opcijama da inteziviraju svoje kontakte za zastupnicima u EU parlamentu, i sa lijevima, i sa desnima i sa liberalima. Jer ako nemamo resurse koje ima Hrvatska, imamo makar principe koji su u skladu sa Evropskim. Upravu smo makar na papiru, i treba vi\u0161e da cijenimo taj papir, i da malo vi\u0161e pratimo \u0161ta se de\u0161ava pred tijelima EU. Nekada su, ta\u010dnije do 2019. godine u Rezolucije EU parlamenta ulazile gluposti poput federalizacije, supsidijarnosti, legitimnog predstavljanja i sli\u010dno, a to se de\u0161avalo zbog manjka budnosti sa bh. strane. Sada mi motrimo na sve ono \u0161to se de\u0161ava, na svaki komadi\u0107 papira u kojem se pominje BiH, i ne\u0107emo prestati to da radimo. Nikada nas vi\u0161e ne\u0107e uhvatiti na spavanju, te nam kroz tijela EU nekakve Zovke i Picule, podvaliti kojekakve gluposti protivne interesima BiH, pa da se onda mi ovdje u BiH moramo hvatati za glavu, i da to neko u BiH ko \u017eeli da ovu zemlju razvali, koristi kao sredstvo, \u0161to se ranije de\u0161avalo.<\/p>\n\n\n\n<p>Neko \u0107e sad re\u0107i, pa dobro, eto odba\u010dena je ta konstitutivnost, legitimno predstavljanje. Dobro, je li se taj uspjeh jede, je li od toga gra\u0111ani mogu \u017eivjeti? Odmah da ka\u017eem, ne mogu. Ali se ne mo\u017ee \u017eivjeti u diskriminaciji, u nejednakosti prava svih gra\u0111ana, u apartheidu, u dru\u0161tvu bez slobode. Zato se nismo borili, a za slobodu jesmo, i uvijek \u0107emo.<\/p>\n","protected":false},"excerpt":{"rendered":"<p>Hrvatska je na noge digla \u010ditavu svoju diplomatiju, od premijera, preko predsjednika, ministra vanjskih poslova, do eurozastupnika, i opet smo ih pred EU parlamentom porazili, ka\u017ee Kom\u0161i\u0107 u intervjuu za Slobodnu Bosnu. Prije dva dana je u Evropskom parlamentu usvojena Rezolucija o Bosni i Hercegovini. Uvjerljivom ve\u0107inom u Parlamentu su odba\u010deni amandmani hrvatskih europarlamentaraca. Prije [&hellip;]<\/p>\n","protected":false},"author":59,"featured_media":31721,"comment_status":"open","ping_status":"closed","sticky":false,"template":"","format":"standard","meta":{"inline_featured_image":false,"footnotes":""},"categories":[75],"tags":[],"class_list":{"0":"post-31720","1":"post","2":"type-post","3":"status-publish","4":"format-standard","5":"has-post-thumbnail","7":"category-intervju"},"acf":[],"_links":{"self":[{"href":"https:\/\/tvsensor.com\/api\/wp\/v2\/posts\/31720","targetHints":{"allow":["GET"]}}],"collection":[{"href":"https:\/\/tvsensor.com\/api\/wp\/v2\/posts"}],"about":[{"href":"https:\/\/tvsensor.com\/api\/wp\/v2\/types\/post"}],"author":[{"embeddable":true,"href":"https:\/\/tvsensor.com\/api\/wp\/v2\/users\/59"}],"replies":[{"embeddable":true,"href":"https:\/\/tvsensor.com\/api\/wp\/v2\/comments?post=31720"}],"version-history":[{"count":1,"href":"https:\/\/tvsensor.com\/api\/wp\/v2\/posts\/31720\/revisions"}],"predecessor-version":[{"id":31722,"href":"https:\/\/tvsensor.com\/api\/wp\/v2\/posts\/31720\/revisions\/31722"}],"wp:featuredmedia":[{"embeddable":true,"href":"https:\/\/tvsensor.com\/api\/wp\/v2\/media\/31721"}],"wp:attachment":[{"href":"https:\/\/tvsensor.com\/api\/wp\/v2\/media?parent=31720"}],"wp:term":[{"taxonomy":"category","embeddable":true,"href":"https:\/\/tvsensor.com\/api\/wp\/v2\/categories?post=31720"},{"taxonomy":"post_tag","embeddable":true,"href":"https:\/\/tvsensor.com\/api\/wp\/v2\/tags?post=31720"}],"curies":[{"name":"wp","href":"https:\/\/api.w.org\/{rel}","templated":true}]}}