{"id":31717,"date":"2021-06-26T10:48:18","date_gmt":"2021-06-26T09:48:18","guid":{"rendered":"https:\/\/senzor.ba\/?p=31717"},"modified":"2024-01-15T21:29:51","modified_gmt":"2024-01-15T20:29:51","slug":"mesic-za-bbc-tudjman-zelio-da-pripoji-dio-bosne-a-milosevic-trazio-63-bih","status":"publish","type":"post","link":"https:\/\/tvsensor.com\/clanak\/mesic-za-bbc-tudjman-zelio-da-pripoji-dio-bosne-a-milosevic-trazio-63-bih\/","title":{"rendered":"Mesi\u0107 za BBC: Tu\u0111man \u017eelio da pripoji dio Bosne, a Milo\u0161evi\u0107 tra\u017eio 63% BiH"},"content":{"rendered":"\n<p>-Obavio sam zadatak, Jugoslavije vi\u0161e nema \u2013 hvala vam lijepo!, ova re\u010denica za mnoge je si\u017ee biografije Stjepana Mesi\u0107a, posljednjeg predsjednika Predsjedni\u0161tva Socijalisti\u010dke Federativne Republike Jugoslavije (SFRJ) koji na tu funkciju dolazi na 30. juna 1991, a napu\u0161ta je u decembru iste godine, kada i izgovara ovu re\u010denicu.<\/p>\n\n\n\n<p>Trideset godina kasnije, ka\u017ee da tuma\u010denje da je time potvrdio da je on radio na ru\u0161enju Jugoslavije nije ta\u010dno.<\/p>\n\n\n\n<p>-Slovenija i Hrvatska su proglasile samostalnost \u2013 dakle, federacije vi\u0161e nema, Predsjedni\u0161tva vi\u0161e nema. Ja sam sebi postavio zadatak da ishodimo konfederalni model i u tome nisam uspio, dr\u017eave vi\u0161e nema. \u0160ta sam ja mogao, da otvorim zubarsku ordinaciju da bih ostao u Beogradu!?, ka\u017ee Mesi\u0107.<\/p>\n\n\n\n<p>Mesi\u0107 ka\u017ee da je stvaranje jugoslovenske konfederacije bio i njegov uslov tada\u0161njem hrvatskom rukovodstvu da napusti poziciju hrvatskog premijera i preseli se u nefunkcionalne savezne institucije.<\/p>\n\n\n\n<p>-Toliko se ratovalo i krvi prolilo, a granice nisu ni za milimetar promijenjene. Mogli smo da oro\u010dimo konfederaciju na pet, sedam ili deset godina \u2013 koliko se dogovorimo, da utvrdimo zajedni\u010dke poslove i izvore finansiranja, smatra on.<\/p>\n\n\n\n<p>Tri decenije kasnije, Mesi\u0107 ka\u017ee da su protivnici takvog koncepta bili brojniji i ja\u010di.<\/p>\n\n\n\n<p>Osim preispitivanja uloga srpskog i hrvatskog predsjednika, Slobodana Milo\u0161evi\u0107a i Franje Tu\u0111mana, Mesi\u0107 navodi tada\u0161nju Jugoslovenski narodnu armiju (JNA) kao jednog od klju\u010dnih faktora za dono\u0161enje odluka.<\/p>\n\n\n\n<p>-Vojska je bila ugro\u017eena i tra\u017eila je sponzora. Oni se jesu naslonili na najja\u010du republiku, na Srbiju, ali time su gubili komponentu Jugoslavije.<\/p>\n\n\n\n<p>Iako je vojskom formalno upravljalo Predsedni\u0161tvo SFRJ, ono je odluke donosilo veoma te\u0161ko jer je bilo duboko podijeljeno izme\u0111u \u010dlanova koji imali stavove bliske srpskim i ostalih, pa su se glasovi \u010desto jednako dijelili \u2013 4:4.<\/p>\n\n\n\n<p>Mesi\u0107 ka\u017ee da je u najmanje tri navrata JNA \u017eelila da preuzme kontrolu nad doga\u0111ajima koji su eskalirali, prije svega kroz junski desetodnevni rat u Sloveniji, pa sve \u017ee\u0161\u0107im sukobima lokalnih Srba sa hrvatskim vlastima, kao i raspirivanjem sukoba u Bosni i Hercegovini.<\/p>\n\n\n\n<p>-Vojni vrh je \u017eelio da donesemo odluku da vojska po svome naho\u0111enju mo\u017ee upotrebiti silu, koliko god \u017eeli i gdje god \u017eeli. A to je bio klasi\u010dni poku\u0161aj vojnog udara, prisje\u0107a se Mesi\u0107.<\/p>\n\n\n\n<p>Ilustraciju jo\u0161 direktnijeg poku\u0161aja vojne akcije Mesi\u0107 vidi u raketiranju zgrade Banskih dvora u centru Zagreba, gdje su se u tom trenutku sastali hrvatski predsjednik Franjo Tu\u0111man, jugoslovenski predsjednik Stjepan Mesi\u0107 i jugoslovenski premijer Ante Markovi\u0107.<\/p>\n\n\n\n<p>-Raketa je udarila u trenutku kad je Tu\u0111man primio poziv i uzeo telefonsku slu\u0161alicu iz ruku svoje sekretarice. Bio je to klasi\u010dni vojni udar \u2013 ako ubiju Tu\u0111mana, na njegovo mjesto dolazi predsjednik Sabora; ako ubiju mene, na moje mjesto dolazi Crnogorac Branko Kosti\u0107; a ako ubiju Markovi\u0107a, na njegovo mjesto dolazi njegov zamjenik Mitrovi\u0107, srpski kadar.<\/p>\n\n\n\n<p><strong>DIREKTNA LINIJA MILO\u0160EVI\u0106 \u2013 TU\u0110MAN<\/strong><\/p>\n\n\n\n<p>Jo\u0161 jedna telefonska slu\u0161alica je, prema Stjepanu Mesi\u0107u, odigrala veoma va\u017enu ulogu u prvim mjesecima rata u kome se raspadala Jugoslavija.<\/p>\n\n\n\n<p>-Iz Beograda su 1991. do\u0161li specijalci koji su instalirali direktnu telefonsku liniju Tu\u0111man-Milo\u0161evi\u0107 i ona je funkcionisala sve dok ja nisam do\u0161ao za predsjednika Hrvatske 2000. godine. Dok se ratuje na \u017eivot i smrt, a rat nije \u010dak ni progla\u0161en, njih dvojica svakodnevno komuniciraju, ka\u017ee Mesi\u0107.<\/p>\n\n\n\n<p>Pribli\u017eavanju dvojice nacionalnih lidera kumovao je sam Mesi\u0107, i to priznaje da je u\u010dinio kroz prijedlog tada\u0161njem srpskom \u010dlanu Predsjedni\u0161tva SFRJ Borisavu Jovi\u0107u da probaju da zaustave rat koji ve\u0107 po\u010dinje. Ideja je bila da njih dvojica organizuju sastanak u \u010detvero \u2013 sa Milo\u0161evi\u0107em i Tu\u0111manom. Me\u0111utim, nacionalni lideri na kraju dogovaraju sastanak bez svojih predstavnika u saveznim institucijama Jovi\u0107a i Mesi\u0107a, pa se historijski susret odigrava u vojnom lovi\u0161tu Kara\u0111or\u0111evo.<\/p>\n\n\n\n<p>-Upozorio sam Tu\u0111mana da Milo\u0161evi\u0107 vara i da mu ni\u0161ta ne smije vjerovati. A on me pitao da li ja zaista mislim da je Milo\u0161evi\u0107 pametniji od njega.<\/p>\n\n\n\n<p>Mesi\u0107 se prisje\u0107a da je Tu\u0111man u Kara\u0111or\u0111evu bio samo sa \u0161efom kabineta, a kasnijim hrvatskim premijerom Hrvojem \u0160arini\u0107em, i da su se po povratku u Zagreb na\u0161li u jednoj od vladinih zgrada.<\/p>\n\n\n\n<p>-Tu\u0111man nije znao da glumi \u2013 bio je sav crven i ozaren u licu. Sve je rije\u0161eno, sve je rije\u0161eno, rata vi\u0161e nema \u2013 likovao je, odmah tra\u017eio mape od savjetnika koje su stavili na sto i pokazali da Milo\u0161evi\u0107 predla\u017ee granice iz 1939., plus Cazin, Kladu\u0161u i Biha\u0107 koje je nazvao turska Hrvatska, ka\u017ee Mesi\u0107 i dodaje da u tom trenutku nije dijelio Tu\u0111manovo ushi\u0107enje.<\/p>\n\n\n\n<p>-Pitao sam Tu\u0111mana \u0161ta ka\u017ee na to ka\u017ee Alija Izetbegovi\u0107 (predsjednik Predsjedni\u0161tva BiH), a on mi je pokazao prstima makaze \u2013 kad se ovako spoje srpske i hrvatske makaze, nema mjesta za Aliju. Za mene je to odmah zna\u010dilo da po\u010dinje rat.<\/p>\n\n\n\n<p><strong>PODJELA BIH<\/strong><\/p>\n\n\n\n<p>Na naredni susret Milo\u0161evi\u0107a i Tu\u0111mana u makedonskom Tikve\u0161u Mesi\u0107 nije ni pozvan, pa je on postajao sve svjesniji da njegov model novog politi\u010dkog dogovora ima sve manje \u0161anse za uspjeh.<\/p>\n\n\n\n<p>-Sve je to padalo u vodu kad Tu\u0111man i Milo\u0161evi\u0107 nisu \u017eeljeli takav model \u2013 Tu\u0111man je \u017eelio da pripoji dio Bosne, a i Milo\u0161evi\u0107 je \u017eelio 63 posto BiH. Milo\u0161evi\u0107 je varao svijet da se bori za Jugoslaviju, varao je Srbe da \u0107e \u017eivjeti u jednoj dr\u017eavi \u2013 nikad nije spomenuo Veliku Srbiju, ali je Srbima rekao da \u0107e \u017eivjeti u jednoj dr\u017eavi, prisje\u0107a se Mesi\u0107.<\/p>\n\n\n\n<p>Politi\u010dki uspon Slobodana Milo\u0161evi\u0107a bio je na vrhuncu u danima dok je Stjepan Mesi\u0107 predsjedavao jugoslovenskom federacijom, a zemlja se na terenu raspadala u sve \u010de\u0161\u0107im oru\u017eanim sukobima.<\/p>\n\n\n\n<p>-Osnovni uzrok rata je da je Milo\u0161evi\u0107 \u017eelio da stvori Veliku Srbiju, ali je kao veliki glumac varao svijet da se zapravo bori za Jugoslaviju. On je znao da je svijet sentimentalan prema Jugoslaviji, zaslugama Tita i pobjedi u Drugom svjetskom ratu.<\/p>\n\n\n\n<p>Mesi\u0107evi opisi Slobodana Milo\u0161evi\u0107a uvek imaju miris tompusa i aromu viskija, po \u010demu je srpski lider bio prepoznatljiv u prvim godinama politi\u010dke karijere.<\/p>\n\n\n\n<p>-Milo\u0161evi\u0107 je poslije nekog ru\u010dka ili ve\u010dere pio viski, bio je onako de\u017emekast, a mene je \u010dudilo kako je on sa takvim licem i takvom gra\u0111om postao nevjerovatno popularan u Srbiji. Na moju opasku da \u017eeli da napravi Veliku Srbiju i da \u0107emo svi od toga imati \u0161tete, a najve\u0107u \u0161tetu \u0107e imati Srbija, te da \u0107e mu Srbi suditi i vje\u0161ati ga na Terazijama, on mi samo ka\u017ee \u2013 jo\u0161 \u0107emo da vidimo koga \u0107e da vje\u0161aju, prepri\u010dava Mesi\u0107.<\/p>\n\n\n\n<p>\u2013 1990. i 1991. godine Mesi\u0107 se sje\u0107a kroz blokadu i demonstracije ispred institucija Jugoslavije, ali i kroz \u010dinjenicu da nije do\u017eivio nijednu provokaciju \u2013 osim jedne anegdote.<\/p>\n\n\n\n<p>-Moje vozilo imalo je policijsku pratnju ispred i iza, stajali smo na crveno na semaforu i jednom se pored nas zaustavila stara ofucana \u2018zastava\u2019 iz koje je iza\u0161ao \u010dovjek u jednako ofucanom mantilu i \u2013 uhvatio se za kvaku mojih vrata. Tjelohranitelj je kao panter sko\u010dio, stavio mu pi\u0161tolj na \u010delo, a ovaj je u strahu i zbunjenosti samo procijedio da tra\u017ei ulicu Vojvode Mi\u0161i\u0107a, govori Mesi\u0107 uz smijeh.<\/p>\n\n\n\n<p>On dodaje da se u Beogradu slobodno kretao, odlazio na ve\u010dere s prijateljima, bio na sahrani novinara Juga Grizelja.<\/p>\n\n\n\n<p>-Beograd je internacionalni grad, to mora da se shvati. To nije zalupana palanka ve\u0107 grad sa me\u0111unarodnim \u0161tihom, i to me je odu\u0161evilo, ka\u017ee Mesi\u0107.<\/p>\n\n\n\n<p><strong>MEMOARI STJEPANA MESI\u0106A<\/strong><\/p>\n\n\n\n<p>Memoari Stjepana Mesi\u0107a izdati su dva puta: 1992. godine pod naslovom \u201eKako smo sru\u0161ili Jugoslaviju \u2013 politi\u010dki memoari\u201c, a dvije godine kasnije sa promijenjenim naslovom \u201eKako je sru\u0161ena Jugoslavija\u201d,<\/p>\n\n\n\n<p>-Ja sam promijenio naslov jer sam vidio da se pogre\u0161no interpretira. Htio sam da ka\u017eem da smo svi krivi \u0161to smo sru\u0161ili Jugoslaviju, a ne da ja budem u prvom planu kad ka\u017eem mi \u2013 ovako sam dao objektivizaciju.<\/p>\n\n\n\n<p>U njegovim sje\u0107anjima, va\u017eno mjesto ima i tajni susret sa tada\u0161njim njema\u010dkim \u0161efom diplomatije Hansom Ditrihom Gen\u0161erom, krajem 1991, dok ratni sukobi eskaliraju, posebno oko Vukovara, grada na krajnjem istoku Hrvatske.<\/p>\n\n\n\n<p>Iz Mesi\u0107evih rije\u010di vidi se da je odustao od modela jugoslovenske konfederacije i da se sprema me\u0111unarodno priznanje nezavisnosti Hrvatske koje je uslijedilo 15. januara 1992. godine.<\/p>\n\n\n\n<p>-Upozorio sam ga da se ne mo\u017ee vi\u0161e da ra\u010duna na novi politi\u010dki dogovor jer su stvari oti\u0161le predaleko i da je izlaz u priznanju Slovenije i Hrvatske \u2013 da priznanjem svih republika mo\u017eda zaustavimo rat koji planira Milo\u0161evi\u0107, a Tu\u0111man mu se pridru\u017euje. Rekao sam mu da \u0107e taj rat biti vrlo kratak u Sloveniji, bi\u0107e krvav u Hrvatskoj i ve\u0107 je po\u010deo, bi\u0107e brutalan u Bosni i Hercegovini, a poslije toga \u0107e se Srbija kupati u krvi, ka\u017ee Mesi\u0107 uz napomenu da je sa Gen\u0161erom susret bio privatno i tajno organizovan.<\/p>\n\n\n\n<p>Iako se njegova prognoza ostvarila, Mesi\u0107 danas tvrdi da je u\u010dinio sve \u0161to je mogao da se sprije\u010di rat.<\/p>\n\n\n\n<p>-Ja nisam ni u \u010demu pogrije\u0161io, \u017earko sam \u017eelio da do\u0111e do novog politi\u010dkog dogovora i sve znanje i energiju sam upotrijebio, ali nije i\u0161lo. Da se Tu\u0111man i Milo\u0161evi\u0107 nisu dogovorili oko podjele Bosne, mi bismo imali novu konfederaciju, zaklju\u010duje o ovoj temi nakon 30. godina.<\/p>\n","protected":false},"excerpt":{"rendered":"<p>-Obavio sam zadatak, Jugoslavije vi\u0161e nema \u2013 hvala vam lijepo!, ova re\u010denica za mnoge je si\u017ee biografije Stjepana Mesi\u0107a, posljednjeg predsjednika Predsjedni\u0161tva Socijalisti\u010dke Federativne Republike Jugoslavije (SFRJ) koji na tu funkciju dolazi na 30. juna 1991, a napu\u0161ta je u decembru iste godine, kada i izgovara ovu re\u010denicu. Trideset godina kasnije, ka\u017ee da tuma\u010denje da [&hellip;]<\/p>\n","protected":false},"author":59,"featured_media":31718,"comment_status":"open","ping_status":"closed","sticky":false,"template":"","format":"standard","meta":{"inline_featured_image":false,"footnotes":""},"categories":[376,47],"tags":[],"class_list":{"0":"post-31717","1":"post","2":"type-post","3":"status-publish","4":"format-standard","5":"has-post-thumbnail","7":"category-featured","8":"category-historija"},"acf":[],"_links":{"self":[{"href":"https:\/\/tvsensor.com\/api\/wp\/v2\/posts\/31717","targetHints":{"allow":["GET"]}}],"collection":[{"href":"https:\/\/tvsensor.com\/api\/wp\/v2\/posts"}],"about":[{"href":"https:\/\/tvsensor.com\/api\/wp\/v2\/types\/post"}],"author":[{"embeddable":true,"href":"https:\/\/tvsensor.com\/api\/wp\/v2\/users\/59"}],"replies":[{"embeddable":true,"href":"https:\/\/tvsensor.com\/api\/wp\/v2\/comments?post=31717"}],"version-history":[{"count":1,"href":"https:\/\/tvsensor.com\/api\/wp\/v2\/posts\/31717\/revisions"}],"predecessor-version":[{"id":31719,"href":"https:\/\/tvsensor.com\/api\/wp\/v2\/posts\/31717\/revisions\/31719"}],"wp:featuredmedia":[{"embeddable":true,"href":"https:\/\/tvsensor.com\/api\/wp\/v2\/media\/31718"}],"wp:attachment":[{"href":"https:\/\/tvsensor.com\/api\/wp\/v2\/media?parent=31717"}],"wp:term":[{"taxonomy":"category","embeddable":true,"href":"https:\/\/tvsensor.com\/api\/wp\/v2\/categories?post=31717"},{"taxonomy":"post_tag","embeddable":true,"href":"https:\/\/tvsensor.com\/api\/wp\/v2\/tags?post=31717"}],"curies":[{"name":"wp","href":"https:\/\/api.w.org\/{rel}","templated":true}]}}