{"id":31709,"date":"2021-06-26T10:43:45","date_gmt":"2021-06-26T09:43:45","guid":{"rendered":"https:\/\/senzor.ba\/?p=31709"},"modified":"2024-01-15T21:29:52","modified_gmt":"2024-01-15T20:29:52","slug":"izbor-najuspjesnijih-sportista-i-sportskih-radnika-za-2020-godinu-u-petak-25-juna","status":"publish","type":"post","link":"https:\/\/tvsensor.com\/clanak\/izbor-najuspjesnijih-sportista-i-sportskih-radnika-za-2020-godinu-u-petak-25-juna\/","title":{"rendered":"Izbor najuspje\u0161nijih sportista i sportskih radnika za 2020. godinu u petak, 25. juna"},"content":{"rendered":"\n<p>Dana 25.06.2021. godine u Kulturnom centru Altintag u Viskom, odr\u017ean je izbor sportista i sportskih radnika za 2020 godinu za nivou Grada Visoko.Sportski savez Visoko organizovao je tradicionalnu manifestaciju \u201cIzbor najuspje\u0161nijih sportista i sportskih radnika Visokog za 2020. godinu\u201d. Ova manifestacija je trebala biti odr\u017eana u martu ove godine, ali je prolongirana zbog pogor\u0161anja epidemiolo\u0161ke situacije. Ve\u010deras je manifestacija bila u skra\u0107enom obliku te je uru\u010deno 14 nagrada.<\/p>\n\n\n\n<p>Na navedenom izboru \u010dlanovi TKD Kolektiva Bosna su izabrani i nagra\u0111eni i to:<\/p>\n\n\n\n<p>Najuspje\u0161niji TRENER \/Edin Kajevi\u0107<br>Najuspje\u0161niji KADET\/Fahrudin Adilovi\u0107<\/p>\n\n\n\n<p>Na\u0161im nagra\u0111enim \u010dlanovima \u010destitamo na izboru, a koji svoj \u017eivot i vrijeme tro\u0161e na pravim vrijednostima, ponosno odgajaju nove generacije, \u010destite, iskrene, vrijedne ljude, koji \u0107e se sutra brinuti i nastaviti putem najboljih. Idemo dalje, redamo uspjehe i titule, svakog dana korak vi\u0161e.<\/p>\n","protected":false},"excerpt":{"rendered":"<p>Dana 25.06.2021. godine u Kulturnom centru Altintag u Viskom, odr\u017ean je izbor sportista i sportskih radnika za 2020 godinu za nivou Grada Visoko.Sportski savez Visoko organizovao je tradicionalnu manifestaciju \u201cIzbor najuspje\u0161nijih sportista i sportskih radnika Visokog za 2020. godinu\u201d. Ova manifestacija je trebala biti odr\u017eana u martu ove godine, ali je prolongirana zbog pogor\u0161anja epidemiolo\u0161ke [&hellip;]<\/p>\n","protected":false},"author":59,"featured_media":31710,"comment_status":"open","ping_status":"closed","sticky":false,"template":"","format":"gallery","meta":{"inline_featured_image":false,"footnotes":""},"categories":[61],"tags":[],"class_list":{"0":"post-31709","1":"post","2":"type-post","3":"status-publish","4":"format-gallery","5":"has-post-thumbnail","7":"category-sport","8":"post_format-post-format-gallery"},"acf":[],"_links":{"self":[{"href":"https:\/\/tvsensor.com\/api\/wp\/v2\/posts\/31709","targetHints":{"allow":["GET"]}}],"collection":[{"href":"https:\/\/tvsensor.com\/api\/wp\/v2\/posts"}],"about":[{"href":"https:\/\/tvsensor.com\/api\/wp\/v2\/types\/post"}],"author":[{"embeddable":true,"href":"https:\/\/tvsensor.com\/api\/wp\/v2\/users\/59"}],"replies":[{"embeddable":true,"href":"https:\/\/tvsensor.com\/api\/wp\/v2\/comments?post=31709"}],"version-history":[{"count":2,"href":"https:\/\/tvsensor.com\/api\/wp\/v2\/posts\/31709\/revisions"}],"predecessor-version":[{"id":31716,"href":"https:\/\/tvsensor.com\/api\/wp\/v2\/posts\/31709\/revisions\/31716"}],"wp:featuredmedia":[{"embeddable":true,"href":"https:\/\/tvsensor.com\/api\/wp\/v2\/media\/31710"}],"wp:attachment":[{"href":"https:\/\/tvsensor.com\/api\/wp\/v2\/media?parent=31709"}],"wp:term":[{"taxonomy":"category","embeddable":true,"href":"https:\/\/tvsensor.com\/api\/wp\/v2\/categories?post=31709"},{"taxonomy":"post_tag","embeddable":true,"href":"https:\/\/tvsensor.com\/api\/wp\/v2\/tags?post=31709"}],"curies":[{"name":"wp","href":"https:\/\/api.w.org\/{rel}","templated":true}]}}