{"id":31705,"date":"2021-06-26T10:28:14","date_gmt":"2021-06-26T09:28:14","guid":{"rendered":"https:\/\/senzor.ba\/?p=31705"},"modified":"2024-01-15T21:29:53","modified_gmt":"2024-01-15T20:29:53","slug":"kud-zeljezara-zenica-desetljecima-cuvari-kulturnog-nasljedja-bih","status":"publish","type":"post","link":"https:\/\/tvsensor.com\/clanak\/kud-zeljezara-zenica-desetljecima-cuvari-kulturnog-nasljedja-bih\/","title":{"rendered":"KUD &#8220;\u017deljezara&#8221; Zenica desetlje\u0107ima \u010duvari kulturnog naslje\u0111a BiH"},"content":{"rendered":"\n<p>Poznavati historiju i kulturno bogatstvo svog naroda i dr\u017eave nije dovoljno, ve\u0107 je potrebno isto njegovati, promovirati u \u0161irem okru\u017eenju, a znanja prenositi budu\u0107im generacijama, koje \u0107e nastaviti predano \u010duvati povjereno. \u010clanovi Kulturno-umjetni\u010dkog dru\u0161tva &#8220;\u017deljezara&#8221; Zenica, u Bosni i Hercegovini, desetlje\u0107ima su svojevrsni \u010duvari kulturnog naslje\u0111a i ambasadori BiH u Evropi i svijetu na polju kulture.<\/p>\n\n\n\n<p>Predsjednik Adel Sinanovi\u0107 ka\u017ee kako je sindikat radnika najve\u0107e zeni\u010dke tvornice &#8220;\u017deljezare&#8221; 1969. godine osnovao KUD &#8220;\u017deljezara&#8221;. Od tada, njegovi \u010dlanovi nastoje kroz dru\u017eenja, pjesmu i igru sa\u010duvati kulturno naslje\u0111e ne samo ovog nego i \u0161ireg podru\u010dja.<\/p>\n\n\n\n<p><strong>Narod bez tradicije izgubljen narod<\/strong><\/p>\n\n\n\n<p>KUD &#8220;\u017deljezara&#8221; Zenica broji vi\u0161e od 100 aktivnih \u010dlanova, kroz razli\u010dite sekcije dru\u0161tva i oko 30-40 pridru\u017eenih \u010dlanova koji im se povremeno priklju\u010duju na razli\u010ditim aktivnostima.<\/p>\n\n\n\n<p>&#8220;Imamo trenutno \u010detiri sekcije dru\u0161tva: folklorni ansambl, dvije rock grupe, koje sviraju u sklopu dru\u0161tva, narodni orkestar, imamo tambura\u0161ki orkestar i donedavno smo imali i duva\u010dki orkestar KUD &#8216;\u017deljezara&#8217; Zenica&#8221;, rekao je Sinanovi\u0107.<\/p>\n\n\n\n<p>Pojasnio je kako je zbog pandemije i drugih okolnosti duva\u010dki orkestar odlu\u010dio od ove godine poku\u0161ati nastupiti samostalno.<\/p>\n\n\n\n<p>&#8220;Od davne 1969. godine, kada je dru\u0161tvo osnovano, pa sve do danas, poku\u0161avamo da o\u010duvamo na\u0161u tradiciju, na\u0161e korijene s ovih podru\u010dja, jer stojimo pri paroli da svaki narod koji izgubi svoju tradiciju i obi\u010daje, izgubljen je narod i mi smo tu da o\u010duvamo samu tradiciju&#8221;, rekao je Sinanovi\u0107.<\/p>\n\n\n\n<p>KUD &#8220;\u017deljezara&#8221; Zenica, odnosno folklorna skupina ima nekoliko starosnih grupa, a rije\u010d je o mla\u0111oj grupi (osnovna \u0161kola), srednja grupa (srednja \u0161kola) i starija grupa (starije generacije).<\/p>\n\n\n\n<p><strong>\u010cuvaju i originalne no\u0161nje s podru\u010dja biv\u0161e Jugoslavije <\/strong><\/p>\n\n\n\n<p>D\u017eevad Mustafi\u0107, koji je obavljao niz zna\u010dajnih funkcija, kazao je kako je uz dru\u0161tvo bio u &#8220;svim prilikama i neprilikama&#8221;.<\/p>\n\n\n\n<p>Dodao je kako je rije\u010d o dru\u0161tvu koje &#8220;gaji folklornu kulturu ovih podneblja, a izme\u0111u ostalog imaju i koreografije koje su iz biv\u0161e Jugoslavije&#8221;.<\/p>\n\n\n\n<p>&#8220;Imamo no\u0161nje koje su stare preko 40 godina, koje su originalne, tada\u0161nje. Te su no\u0161nje i sada u funkciji, ispravne, o\u010duvane i mislim da je jedino dru\u0161tvo, \u0161to se ti\u010de bar Zeni\u010dko-dobojskog kantona, a mo\u017eda i dalje, koje ima o\u010duvane no\u0161nje iz perioda biv\u0161e Jugoslavije&#8221;, rekao je Mustafi\u0107.<\/p>\n\n\n\n<p>Dodao je kako no\u0161nje nisu obnavljali, jer nisu bili u mogu\u0107nosti, iako su one i dalje o\u010duvane i mo\u017ee se nastupati u njima.<\/p>\n\n\n\n<p>Mustafi\u0107 je dio dru\u0161tva od 1981. godine, a svojevremeno su brojali i 580 aktivnih \u010dlanova.<\/p>\n\n\n\n<p>&#8220;Nije postojala nijedna vrsta sekcije, amaterskog iskazivanja kulture, da je nije bilo u dru\u0161tvu. Tako da samo brojali od likovnih, dramskih, vokalnih, folklornih, instrumentalnih (sekcija, op.a.) i svega onoga \u0161to je moglo da bude u jednom dru\u0161tvu, to je postojalo tada&#8221;, rekao je Mustafi\u0107.<\/p>\n\n\n\n<p>Rekao je kako su bili skoro poluprofesionalni u tom periodu.<\/p>\n\n\n\n<p>&#8220;Nikada nismo bili profesionalni, jer nismo imali profesionalnih uposlenika. Svi su srcem igrali, srcem dolazili i dru\u017eili se, bili \u010dlanovi ovog udru\u017eenja&#8221;, rekao je Mustafi\u0107.<\/p>\n\n\n\n<p><strong>Nezavidna finansijska situacija<\/strong><\/p>\n\n\n\n<p>Govorio je i nezavidnom polo\u017eaju kulturno-umjetni\u010dkih dru\u0161tava \u0161irom BiH, kada je u pitanju finansijska situacija.<\/p>\n\n\n\n<p>&#8220;\u0160ira dru\u0161tvena zajednica nam itekako malo poma\u017ee. Ukoliko bismo napravili pore\u0111enja, moram re\u0107i, po\u0161to imam uvida u situaciju i u drugim kantonima, ta podr\u0161ka od \u0161ire dru\u0161tvene zajednice je u Zeni\u010dko-dobojskom kantonu jako slaba. Mi sredstva dobijamo jedino na na\u010din javnih poziva i molbe, prijateljstva, ljude koji su nekada bili ovdje, a koji su sada priznati privrednici koji nam povremeno poma\u017eu&#8221;, rekao je Mustafi\u0107.<\/p>\n\n\n\n<p>Prema njegovim rije\u010dima, do 2013. godine imali su stalna finansiranja poznate kompanije u Zenici i to zahvaljuju\u0107i \u010dlanovima koji su bili radnici te kompanije.<\/p>\n\n\n\n<p>Dodao je kako nastoje nastaviti djelovanje, ali je to mnogo te\u017ee zbog finansiranja, pogotovo uzimaju\u0107i u obzir nastupe van granica BiH.<\/p>\n\n\n\n<p>&#8220;Mi nemamo \u010dlanarine, jedino smo udru\u017eenje u BiH, to tvrdim, koje nema \u010dlanarine. Imamo u statutu zabilje\u017eeno da se pla\u0107a \u010dlanarina, ali mi je jo\u0161 uvijek nismo uveli, jer smatram da nema potrebe ako \u0107emo sami finansirati svoja putovanja, koja su bila velika&#8221;, rekao je Mustafi\u0107.<\/p>\n\n\n\n<p>Dodao je kako su do prije \u010detiri godine, u toku godine su imali 15.000 pre\u0111enih kilometara sa svim sekcijama KUD-a.<\/p>\n\n\n\n<p>\u010clanovi su nastupali \u0161irom BiH, Evrope, pogotovo u zemljama u kojima je brojna bh. dijaspora, Turske, a gostovali su i u Dubaiju.<\/p>\n\n\n\n<p>Gostovanja je ka\u017ee bilo, ali se ona svakim danom smanjuju.<\/p>\n\n\n\n<p>&#8220;Mi nismo profesionalci, djeca, odnosno svi \u010dlanovi, dolaze iz ljubavi, vole putovanja i dru\u017eenja&#8221;, rekao je Mustafi\u0107.<\/p>\n\n\n\n<p><strong>Ambasadori i promotori kulture BiH<\/strong><\/p>\n\n\n\n<p>Mustafi\u0107 je dodaokako ekonomska situacija u dr\u017eavi ote\u017eava rad dru\u0161tava, pogotovo na polju kulture.<\/p>\n\n\n\n<p>&#8220;Mi jesmo &#8216;ambasadori&#8217; (kulture, op.a.). Mi smo &#8216;ambasadori&#8217; gdje god do\u0111emo. Uvijek, u svakom defileu, gdje god nastupamo, ide prvo na\u0161a zastava. Na samoj pozornici je zastava. Zastava BiH i zastava grada iz kojeg poti\u010demo. Iako, \u010dak povremeno dolazimo u situaciju da ne mo\u017eemo da dobijemo ni zastavu grada kad putujemo&#8221;, rekao je Mustafi\u0107.<\/p>\n\n\n\n<p>Smatra kako je djelovanje KUD &#8220;\u017deljezara&#8221; Zenica zna\u010dajno kako bi se sa\u010duvala historija bogatstva kulture s ovog podru\u010dja.<\/p>\n\n\n\n<p>\u010clanovi dru\u0161tva, u skladu s propisanim mjerama, aktivnosti su vodili i u vrijeme pandemije. I danas imaju redovne probe jednom sedmi\u010dno, a ranije i nekoliko puta u toku sedmice.<\/p>\n\n\n\n<p>&#8220;U sklopu tih mjera odr\u017eali smo jednu mini smotru folklora u Zenici. Nismo mogli pozvati prijatelje, posjetioce, goste dru\u0161tva nego smo sveli to da samo igra\u010di iz razli\u010ditih gradova odigraju svoje koreografije, a mi smo ujedno i pogledali to&#8221;, rekao je Sinanovi\u0107.<\/p>\n\n\n\n<p>Dodao je kako je pandemija donijela odre\u0111ena ograni\u010denja pa nije bilo putovanja unutar ni van BiH.<\/p>\n\n\n\n<p>&#8220;Sude\u0107i po svim epidemiolo\u0161kim mjerama, polako se te mjere popu\u0161taju i mi smo dobili zvani\u010dno poziv da ponovo u\u010destvujemo u Turskoj, u gradu Yalovi. Po samom pozivu vidi se da i oni reduciraju broj u\u010desnika. Dosad je i\u0161lo nas 40, 50 do 60 osoba. Sad su nam ograni\u010dili na samo 16&#8221;, rekao je Sinanovi\u0107.<\/p>\n\n\n\n<p>Roditelje je pozvao da poti\u010du djecu na \u010dlanstvo u ovakvim dru\u0161tvima, jer je to jedan od na\u010dina kako sa\u010duvati njihovo zdravlje i pomo\u0107i im u formiranju li\u010dnosti. Pored toga, va\u017eno je i sa\u010duvati kulturu amaterizma, ali i kulturno naslje\u0111a dr\u017eave i \u0161irih podru\u010dja kako bi ono bilo preneseno na budu\u0107e generacije.<\/p>\n\n\n\n<p>&#8220;Trebaju da vide kako su na\u0161i preci \u017eivjeli, kako su se veselili, igrali, pjevali. \u017divot nije samo internet. Kroz svo kulturno naslje\u0111e, mi smo vodili ra\u010duna i o odgoju djece&#8221;, rekao je Mustafi\u0107.<\/p>\n\n\n\n<p>Dodao je i kako su u kontaktu s \u010dlanovima koji su u dijaspori, poku\u0161avaju\u0107i ih animirati da u podru\u010djima na koja su oti\u0161li, pomognu KUD &#8220;\u017deljezara&#8221;.<\/p>\n\n\n\n<p>&#8220;Da nam pomognu da gostujemo negdje vani, da se poka\u017eemo kako znamo i ka\u017eemo da postoji BiH i kultura BiH&#8221;, zaklju\u010dio je Mustafi\u0107 na kraju.<\/p>\n","protected":false},"excerpt":{"rendered":"<p>Poznavati historiju i kulturno bogatstvo svog naroda i dr\u017eave nije dovoljno, ve\u0107 je potrebno isto njegovati, promovirati u \u0161irem okru\u017eenju, a znanja prenositi budu\u0107im generacijama, koje \u0107e nastaviti predano \u010duvati povjereno. \u010clanovi Kulturno-umjetni\u010dkog dru\u0161tva &#8220;\u017deljezara&#8221; Zenica, u Bosni i Hercegovini, desetlje\u0107ima su svojevrsni \u010duvari kulturnog naslje\u0111a i ambasadori BiH u Evropi i svijetu na polju [&hellip;]<\/p>\n","protected":false},"author":59,"featured_media":31706,"comment_status":"open","ping_status":"closed","sticky":false,"template":"","format":"standard","meta":{"inline_featured_image":false,"footnotes":""},"categories":[46],"tags":[],"class_list":{"0":"post-31705","1":"post","2":"type-post","3":"status-publish","4":"format-standard","5":"has-post-thumbnail","7":"category-kultura"},"acf":[],"_links":{"self":[{"href":"https:\/\/tvsensor.com\/api\/wp\/v2\/posts\/31705","targetHints":{"allow":["GET"]}}],"collection":[{"href":"https:\/\/tvsensor.com\/api\/wp\/v2\/posts"}],"about":[{"href":"https:\/\/tvsensor.com\/api\/wp\/v2\/types\/post"}],"author":[{"embeddable":true,"href":"https:\/\/tvsensor.com\/api\/wp\/v2\/users\/59"}],"replies":[{"embeddable":true,"href":"https:\/\/tvsensor.com\/api\/wp\/v2\/comments?post=31705"}],"version-history":[{"count":2,"href":"https:\/\/tvsensor.com\/api\/wp\/v2\/posts\/31705\/revisions"}],"predecessor-version":[{"id":31708,"href":"https:\/\/tvsensor.com\/api\/wp\/v2\/posts\/31705\/revisions\/31708"}],"wp:featuredmedia":[{"embeddable":true,"href":"https:\/\/tvsensor.com\/api\/wp\/v2\/media\/31706"}],"wp:attachment":[{"href":"https:\/\/tvsensor.com\/api\/wp\/v2\/media?parent=31705"}],"wp:term":[{"taxonomy":"category","embeddable":true,"href":"https:\/\/tvsensor.com\/api\/wp\/v2\/categories?post=31705"},{"taxonomy":"post_tag","embeddable":true,"href":"https:\/\/tvsensor.com\/api\/wp\/v2\/tags?post=31705"}],"curies":[{"name":"wp","href":"https:\/\/api.w.org\/{rel}","templated":true}]}}