{"id":31692,"date":"2021-06-25T17:38:17","date_gmt":"2021-06-25T16:38:17","guid":{"rendered":"https:\/\/senzor.ba\/?p=31692"},"modified":"2024-01-15T21:29:55","modified_gmt":"2024-01-15T20:29:55","slug":"sara-becarevic-13-godisnja-gimnasticarka-bez-sake-medaljama-poplocava-put-do-snova","status":"publish","type":"post","link":"https:\/\/tvsensor.com\/clanak\/sara-becarevic-13-godisnja-gimnasticarka-bez-sake-medaljama-poplocava-put-do-snova\/","title":{"rendered":"Sara Be\u010darevi\u0107 13-godi\u0161nja gimnasti\u010darka bez \u0161ake medaljama poplo\u010dava put do snova"},"content":{"rendered":"\n<p>Inspiracija koja cijelom svijetu i svima oko sebe govori da prepreke uop\u0107e ne postoje. Ovako \u0107e svi koji je poznaju opisati Saru Be\u010darevi\u0107, 13-godi\u0161nju Viso\u010danku koja je ro\u0111ena bez jednog dijela ruke, ta\u010dnije \u0161ake, a koja svakodnevno dokazuje da su bilo kakva ograni\u010denja na putu do uspjeha samo u ona koja stvorimo u svojm glavama.<\/p>\n\n\n\n<p>Uprkos svim preprekama na koje je mogla nai\u0107i na svom putu, Sara je san da postane gimnasti\u010darka po\u010dela ostvarivati ve\u0107 od devete godine. Uz mnogo truda, rada i razumijevanja trenerica iz Kluba ritmi\u010dke gimnastike \u201cVisoko\u201d Sara ve\u0107 ni\u017ee brojne uspjehe i nastupe, \u010dak i na me\u0111unarodnim takmi\u010denjima, a njen posljednji nastup ispra\u0107en je suzama svih prisutnih u dvorani koji su Saru do\u017eivjeli kao najve\u0107u inspiraciju.<\/p>\n\n\n\n<p>\u201cTrenutno poha\u0111am sedmi razred Osnovne \u0161kole \u201cMehmedalija Mak Dizdar\u201d Dobrinje, a svoju posebnu sre\u0107u prona\u0161la sam u ritmi\u010dkoj gimnastici, koju treniram od devete godine. Prije upisa na gimnastiku uvijek sam ma\u0161tala o tome da jednog dana postanem jedna od gimnasti\u010darki i od prvog dana kada sam po\u010dela trenirati osje\u0107ala sam se posebno. Po\u010dela sam u\u010diti ono \u0161to i druge djevoj\u010dice rade i nisam odustajala nikada. Sa trudom i radom sve se nau\u010di\u201d, ispri\u010dala nam je Sara.<\/p>\n\n\n\n<p>Kako ka\u017ee, najdra\u017ei rekvizit sa kojim voli raditi graciozne vje\u017ebe joj je lopta, te je vrlo brzo savladala sve vje\u0161tine potrebne za nastup. A onog dana kada je saznala da \u0107e biti dio takmi\u010darskog tima KRG \u201cVisoko\u201d, kako je istaknula, do\u017eivjela je najsretniji trenutak \u017eivota.<\/p>\n\n\n\n<figure class=\"wp-block-image\"><img decoding=\"async\" src=\"http:\/\/globalanalitika.com\/wp-content\/uploads\/2021\/06\/Sara-Becarevic-5-1024x496.jpg\" alt=\"\" class=\"wp-image-5339\"\/><\/figure>\n\n\n\n<p>\u201cKada sam do\u0161la na trening kao takmi\u010darka odmah su me prihvatili. Upoznala sam divne trenerice Aminu, Iman i Hanu, kao i divne prijateljice koje sve volim. One su mene prihvatile jo\u0161 i kada sam bila u rekreacije, divne su i najbolje su osobe koje sam upoznala. Mi smo svi jedna velika porodica, sa kojom sam imala priliku da putujem na turnire u cijeloj BiH, ali i van na\u0161e dr\u017eave, na nastupe u Budvi i Bugarskoj\u201d, dodala je Sara.<\/p>\n\n\n\n<p>U posebnom sje\u0107anju ostat \u0107e joj nastup na turniru u Bugarskoj, gdje je osvojila srca svih posjetitelja.<\/p>\n\n\n\n<p>\u201cBugarska \u0107e mi zauvijek ostati u sje\u0107anju i to je najljep\u0161i nastup i turnir na kojem sam bila. Osvojila sam drugo mjesto i nagradu \u2018Favorite of the audience\u2019 (Miljenica publike). Osje\u0107ala sam se predivno i tako je na svakom putovanju. Trenerice i drugarice se trude da mi bude lijepo. Tako je bilo i na posljednjem turniru gdje sam prvi put radila vje\u017ebu sa rekvizitom i to sa obru\u010dem. Kada mi je trenerica tek smislila tu vje\u017ebu bilo je te\u0161ko, nisam je odmah mogla savladati, ali uz njenu pomo\u0107 sam i to savladala. I na turniru sam uradila sve kako sam i ma\u0161tala. A sad se nadam da \u0107emo nakon koronavirusa mo\u0107i ponovo putovati i preporu\u010dujem svim djevoj\u010dicama da se pridru\u017ee i da poku\u0161aju ostvariti svoje snove\u201d, kazala nam je Sara sa vidnim zadovoljstvom i rado\u0161\u0107u.<\/p>\n\n\n\n<p>A to njeno zadovoljstvo i hrabrost koju pokazuje u borbi sa svim preprekama isti\u010du svi oni koji pogledaju jedan Sarin nastup. Isti\u010de to i njena trenerica Amina Lepi\u0107, uz \u010diju pomo\u0107 Sara i ru\u0161i prepreke na svom putu.<\/p>\n\n\n\n<p>\u201cSara je jedna veoma hrabra djevoj\u010dica, puna energije. U sebi nosi mnogo talenata, od kojih je jedan ritmi\u010dka gimnastika. Za kratak period, tokom treniranja, Sara je savladala mnoge stvari u ovom sportu. Ona zapravo ni ne zna za prepreke i ru\u0161i ih sve kako bi postigla svoj cilj. Jako je uporna i uop\u0107e joj ne predstavlja nikakav problem to \u0161to bi neko drugi mo\u017eda mogao primijetiti da se ona razlikuje od drugih djevoj\u010dica. A zapravo se ne razlikuje, ona je puna ljubavi, oko sebe \u0161iri pozitivnu energiju, inspiracija je za sve nas i zbog toga je svi u na\u0161em klubu volimo. Kada je vidim na terenu, pred sudijama, moje srce je puno, jako se ponosim njom i sretna sam \u0161to je ba\u0161 moje kolegice i mene izabrala za trenere\u201d, rekla nam je trenerica KRG \u201cVisoko\u201d Amina Lepi\u0107.<\/p>\n\n\n\n<p>Sarini uspjesi utoliko su ve\u0107i \u0161to njima svakodnevno pokazuje da je mogu\u0107e do\u0107i do ostvarenja svakog sna, ukoliko dovoljno vjerujete u njega. Iako \u017eivot osoba s invaliditetom u Bosni i Hercegovini, kako i sami svjedo\u010dimo svakodnevno, nije olak\u0161an u mjeri u kojoj bi bilo potrebno, Sara je jedan od primjera kako se neustra\u0161ivo\u0161\u0107u mo\u017ee do\u0107i do ostvarivanja prava. To isti\u010de i njena majka Sanela Be\u010darevi\u0107 koja je presretna Sarinom inkluzijom kroz sport.<\/p>\n\n\n\n<p>\u201cSara se nikada nije osje\u0107ala druga\u010dije od bilo kojeg djeteta, zato \u0161to je uvijek vjerovala u sebe, svoju snagu i svoje sposobnosti. Zbog toga su je i drugi, posebno njeni drugari prihvatali i nikada nije nai\u0161la na situaciju da bilo ko ima druga\u010diji odnos prema njoj zbog bilo \u010dega. Naravno, sport joj itekako poma\u017ee u njenom osna\u017eivanju i adekvatnom uklju\u010divanju u dru\u0161tvene tokove. Zapravo, gimnastika je Sari donijela toliko mnogo dobrih stvari u njen \u017eivot. Otkako je rekreativno po\u010dela trenirati i ma\u0161tati da \u0107e postati profesionalni sportista \u2013 gimnasti\u010darka, mnogo toga se promijenilo u njoj. I ja kao roditelj sam vjerovala u njene sposobnosti, a i njena trenerica je uvidjela da Sara mo\u017ee posti\u0107i sve i da se trudi. I zajedno su, na zadovoljstvo svih nas, postigle odli\u010dne rezultate\u201d, pojasnila nam je Sarina majka, Sanela Be\u010darevi\u0107.<\/p>\n\n\n\n<blockquote class=\"wp-block-quote is-layout-flow wp-block-quote-is-layout-flow\"><p><em>\u201cRitmi\u010dka gimnastika, odnosno sam sport, itekako doprinose inkluziji osoba s invaliditetom i tome bi se trebala posvetiti mnogo ve\u0107a pa\u017enja, cijelog dru\u0161tva. Na\u017ealost, u tom slu\u010daju izostaje podr\u0161ka svih nivoa vlasti i brojnih organizacija iz na\u0161ih zajednica. Na Sarinom primjeru smo to vidjeli, jer ona do sada, tokom svih ovih godina treniranja i borbe za odli\u010dne rezultate nije dobila nikakvu podr\u0161ku i to je ono \u0161to nama svima ote\u017eava rad.\u201d<\/em><\/p><\/blockquote>\n\n\n\n<p>No, uz svu tu snagu i uspjehe koje ni\u017ee Sara, sport za osobe s invaliditetom je ote\u017ean, zbog nepostojanja adekvatnih programa podr\u0161ke, kako bi se ovim osobama omogu\u0107ila potpuna inkluzija u dru\u0161tvu. Sport je jedna od brojnih mogu\u0107nosti kojima bi se ta inkluzija mogla ostvariti, ali je za potpuni razvoj potreban doprinos cijelog dru\u0161tva.<\/p>\n\n\n\n<p>Op\u0107enito, sport i sportski radnici u Bosni i Hercegovini nemaju mnogo podr\u0161ke i sve se svodi na prijatelje i sponzore klubova koji nesebi\u010dno u okviru svojih mogu\u0107nosti poma\u017eu na\u0161 rad, ali ono \u0161to nedostaje je sistemski ure\u0111ena podr\u0161ka, kojom bi nam rad svake godine bio zagarantiran, zbog budu\u0107nosti na\u0161e djece\u201d, zaklju\u010dila je trenerica Lepi\u0107.<\/p>\n\n\n\n<p>Visoko.co.ba<\/p>\n","protected":false},"excerpt":{"rendered":"<p>Inspiracija koja cijelom svijetu i svima oko sebe govori da prepreke uop\u0107e ne postoje. Ovako \u0107e svi koji je poznaju opisati Saru Be\u010darevi\u0107, 13-godi\u0161nju Viso\u010danku koja je ro\u0111ena bez jednog dijela ruke, ta\u010dnije \u0161ake, a koja svakodnevno dokazuje da su bilo kakva ograni\u010denja na putu do uspjeha samo u ona koja stvorimo u svojm glavama. [&hellip;]<\/p>\n","protected":false},"author":4,"featured_media":31693,"comment_status":"open","ping_status":"closed","sticky":false,"template":"","format":"standard","meta":{"inline_featured_image":false,"footnotes":""},"categories":[64,69,61],"tags":[334,1348,1349,1350,1351],"class_list":{"0":"post-31692","1":"post","2":"type-post","3":"status-publish","4":"format-standard","5":"has-post-thumbnail","7":"category-ostalo","8":"category-ponos-bih","9":"category-sport","10":"tag-ponos-bih","11":"tag-ritmicka-gimnastika","12":"tag-sara-becarevic","13":"tag-sport","14":"tag-sport-za-osobe-sa-invaliditetom"},"acf":[],"_links":{"self":[{"href":"https:\/\/tvsensor.com\/api\/wp\/v2\/posts\/31692","targetHints":{"allow":["GET"]}}],"collection":[{"href":"https:\/\/tvsensor.com\/api\/wp\/v2\/posts"}],"about":[{"href":"https:\/\/tvsensor.com\/api\/wp\/v2\/types\/post"}],"author":[{"embeddable":true,"href":"https:\/\/tvsensor.com\/api\/wp\/v2\/users\/4"}],"replies":[{"embeddable":true,"href":"https:\/\/tvsensor.com\/api\/wp\/v2\/comments?post=31692"}],"version-history":[{"count":3,"href":"https:\/\/tvsensor.com\/api\/wp\/v2\/posts\/31692\/revisions"}],"predecessor-version":[{"id":31696,"href":"https:\/\/tvsensor.com\/api\/wp\/v2\/posts\/31692\/revisions\/31696"}],"wp:featuredmedia":[{"embeddable":true,"href":"https:\/\/tvsensor.com\/api\/wp\/v2\/media\/31693"}],"wp:attachment":[{"href":"https:\/\/tvsensor.com\/api\/wp\/v2\/media?parent=31692"}],"wp:term":[{"taxonomy":"category","embeddable":true,"href":"https:\/\/tvsensor.com\/api\/wp\/v2\/categories?post=31692"},{"taxonomy":"post_tag","embeddable":true,"href":"https:\/\/tvsensor.com\/api\/wp\/v2\/tags?post=31692"}],"curies":[{"name":"wp","href":"https:\/\/api.w.org\/{rel}","templated":true}]}}