{"id":31686,"date":"2021-06-25T14:28:07","date_gmt":"2021-06-25T13:28:07","guid":{"rendered":"https:\/\/senzor.ba\/?p=31686"},"modified":"2024-01-15T21:29:56","modified_gmt":"2024-01-15T20:29:56","slug":"serz-bramerc-rezolucija-o-genocidu-u-srebrenici-koju-je-usvojila-cg-odlican-dokument","status":"publish","type":"post","link":"https:\/\/tvsensor.com\/clanak\/serz-bramerc-rezolucija-o-genocidu-u-srebrenici-koju-je-usvojila-cg-odlican-dokument\/","title":{"rendered":"Ser\u017e Bramerc: Rezolucija o genocidu u Srebrenici koju je usvojila CG odli\u010dan dokument"},"content":{"rendered":"\n<p>Rezolucija o genocidu u Srebrenici, koju je usvojila Skup\u0161tina Crne Gore, nije osuda bilo koje zemlje ili naroda, poru\u010dio je danas glavni tu\u017eilac Me\u0111unarodnog rezidualnog mehanizma za krivi\u010dne sudove Ser\u017e Bramerc.<\/p>\n\n\n\n<p>On je na konferenciji &#8220;Pomirenje i suo\u010davanje sa pro\u0161lo\u0161\u0107u na Zapadnom Balkanu&#8221; koja je danas odr\u017eana u Podgorici, putem online platforme, kazao da je usvojena rezolucija odli\u010dan dokument, koji adresira glavne probleme &#8211; prepoznavanje \u017ertava i postojanje genocida.<br><br>Bramerc je kazao da bi volio da druge zemlje budu hrabre kao Crna Gora i da donesu takvu rezoluciju.<br><br>&#8220;\u017delim da \u010destitam Skup\u0161tini Crne Gore na tom koraku, taj korak nije neprijateljski, ni prema kome, ni prema jednoj zemlji, ni prema jednoj Skup\u0161tini ili Vladi, to je prosto ono \u0161to \u017ertve zaslu\u017euju&#8221;, rekao je Bramerc.<br><br>On je istakao da zna da se usvajanje desilo u kompleksnom i te\u0161kom politi\u010dkom kontekstu.<br><br>Poru\u010dio je da glorifikacija ratnih zlo\u010dinaca i negiranje zlo\u010dina je apsolutno neprihvatljiva situacija. Podsje\u0107aju\u0107i na presudu Ratku Mladi\u0107u, kazao je da je ostalo jo\u0161 dosta slu\u010dajeva ratnih zlo\u010dina koji nisu rije\u0161eni na teritoriiji biv\u0161e Jugoslavije.<br><br>Bramerc je podsjetio da je Crna Gora otvorila samo nekoliko slu\u010dajeva ratnih zlo\u010dina i ponudio crnogorskom tu\u017eila\u0161tvu pomo\u0107 u rje\u0161avanju.<br><br>&#8220;Ne mo\u017eemo re\u0107i da je ostvaren veliki uspjeh u rje\u0161avanju ratnih zlo\u010dina po\u010dinjenih od strane crnogorskih dr\u017eavljana i to je razlog za\u0161to \u0107emo se intenzivnije uklju\u010diti sa kolegama tu\u017eiocima u Crnoj Gori&#8221;, poru\u010dio je Bramerc.<br><br>On je istakao da je u februaru 2019. godine potpisan memorandum o razumijevanju za Specijalnim dr\u017eavnim tu\u017eila\u0161tvom Crne Gore, kako bi unaprijedili razmjenu podataka.<br><br>&#8220;Ve\u0107 smo prenijeli va\u017ene podatke vezane za slu\u010daj Morinj, za 15 osumnji\u010denih i seksualno nasilje, uklju\u010duju\u0107i seksualno ropstvo, silovanje, prostituciju, trgovinu ljudima u seksualne svrhe&#8221;, rekao je Bramerc.<br><br>On je istakao da nema regionalne saradnje koja funkcioni\u0161e na na\u010din na koji bi trebalo.<br><br>&#8220;Najvi\u0161e razo\u010darenje proteklih 13 godina je osloba\u0111anje zlo\u010dinaca, negiranje genocida, pozivanje ratnih zlo\u010dinaca na politi\u010dke doga\u0111aje, ministarstva koja distribuiraju biografije ratnih zlo\u010dinaca&#8221;, rekao je Bramerc.<br><br>Prema njegovim rije\u010dima, ide se u pogre\u0161nom smjeru i apsolutno su neophodne sna\u017enije reakcije.<br><br>&#8220;Odgovor koji mi dajemo jeste, tu\u017eila\u0161tvo i krivi\u010dno gonjenje i presude, ne vode ka pomirenju, pomirenje treba da do\u0111e iz dru\u0161tva, iz grupa \u017ertava, iz grupa po\u010dinilaca i potrebni su vam odgovorni politi\u010dari koji \u0107e promovisati to pomirenje&#8221;, kazao je Bramerc.<br><br>Potpredsjednica Skup\u0161tine Crne Gore Branka Bo\u0161njak kazala je da je pri\u010da o suo\u010davanju sa pro\u0161lo\u0161\u0107u davno trebala da bude zavr\u0161ena.<br><br>&#8220;Mislim da je Rezolucija korak naprijed, zato \u0161to sadr\u017ei ono \u0161to je bilo bolno za neke narode&#8221;, ocijenila je Bo\u0161njak.<br><br>Ona je istakla da Rezolucija sadr\u017ei odredbu da se ni jedan narod ne mo\u017ee odrediti kao genocidan, ve\u0107 su genocidni pojedinci.<br><br>&#8220;Selektivna pravda je ustvari najve\u0107a nepravda&#8221;, rekla je Bo\u0161njak.<br><br>\u0160efica delegacije Evropske unije (EU) u Crnoj Gori Oana Kristina Popa kazala je da je usvajanje Rezolucije o Srebrenici dobra stvar, zato \u0161to se na taj na\u010din osu\u0111uje genocid u Srebrenici.<br><br>&#8220;Politi\u010dki lideri imaju obavezu da rade ka tom pomirenju&#8221;, poru\u010dila je Popa.<br><br>Programski direktor Gra\u0111anske alijanse Milan Radovi\u0107 kazao je da mladi uglavnom ne znaju \u0161ta se dogodilo devedesetih godina pro\u0161log vijeka.<\/p>\n\n\n\n<p>Istakao je &#8220;da se mo\u017ee zaklju\u010diti da u Crnoj Gori nemamo proces suo\u010davanja sa pro\u0161lo\u0161\u0107u, nego proces zaboravljanja ratne pro\u0161losti&#8221;.<br><br>On je istakao i da je rezultat ovog projekta otvaranje informaciono-dokumentacionog centra.<\/p>\n","protected":false},"excerpt":{"rendered":"<p>Rezolucija o genocidu u Srebrenici, koju je usvojila Skup\u0161tina Crne Gore, nije osuda bilo koje zemlje ili naroda, poru\u010dio je danas glavni tu\u017eilac Me\u0111unarodnog rezidualnog mehanizma za krivi\u010dne sudove Ser\u017e Bramerc. On je na konferenciji &#8220;Pomirenje i suo\u010davanje sa pro\u0161lo\u0161\u0107u na Zapadnom Balkanu&#8221; koja je danas odr\u017eana u Podgorici, putem online platforme, kazao da je [&hellip;]<\/p>\n","protected":false},"author":59,"featured_media":31689,"comment_status":"open","ping_status":"closed","sticky":false,"template":"","format":"standard","meta":{"inline_featured_image":false,"footnotes":""},"categories":[37],"tags":[],"class_list":{"0":"post-31686","1":"post","2":"type-post","3":"status-publish","4":"format-standard","5":"has-post-thumbnail","7":"category-vijesti"},"acf":[],"_links":{"self":[{"href":"https:\/\/tvsensor.com\/api\/wp\/v2\/posts\/31686","targetHints":{"allow":["GET"]}}],"collection":[{"href":"https:\/\/tvsensor.com\/api\/wp\/v2\/posts"}],"about":[{"href":"https:\/\/tvsensor.com\/api\/wp\/v2\/types\/post"}],"author":[{"embeddable":true,"href":"https:\/\/tvsensor.com\/api\/wp\/v2\/users\/59"}],"replies":[{"embeddable":true,"href":"https:\/\/tvsensor.com\/api\/wp\/v2\/comments?post=31686"}],"version-history":[{"count":1,"href":"https:\/\/tvsensor.com\/api\/wp\/v2\/posts\/31686\/revisions"}],"predecessor-version":[{"id":31690,"href":"https:\/\/tvsensor.com\/api\/wp\/v2\/posts\/31686\/revisions\/31690"}],"wp:featuredmedia":[{"embeddable":true,"href":"https:\/\/tvsensor.com\/api\/wp\/v2\/media\/31689"}],"wp:attachment":[{"href":"https:\/\/tvsensor.com\/api\/wp\/v2\/media?parent=31686"}],"wp:term":[{"taxonomy":"category","embeddable":true,"href":"https:\/\/tvsensor.com\/api\/wp\/v2\/categories?post=31686"},{"taxonomy":"post_tag","embeddable":true,"href":"https:\/\/tvsensor.com\/api\/wp\/v2\/tags?post=31686"}],"curies":[{"name":"wp","href":"https:\/\/api.w.org\/{rel}","templated":true}]}}