{"id":31685,"date":"2021-06-25T14:24:59","date_gmt":"2021-06-25T13:24:59","guid":{"rendered":"https:\/\/senzor.ba\/?p=31685"},"modified":"2024-01-15T21:29:57","modified_gmt":"2024-01-15T20:29:57","slug":"uzunovic-hoce-li-zastupnici-u-skupstini-zdk-staviti-koalicione-ispred-interesa-gradjana","status":"publish","type":"post","link":"https:\/\/tvsensor.com\/clanak\/uzunovic-hoce-li-zastupnici-u-skupstini-zdk-staviti-koalicione-ispred-interesa-gradjana\/","title":{"rendered":"Uzunovi\u0107: Ho\u0107e li zastupnici u Skup\u0161tini ZDK staviti koalicione ispred interesa gra\u0111ana"},"content":{"rendered":"\n<p>Predsjednik kluba vije\u0107nika \u201cZI-KF\u201d, Kenan Uzunovi\u0107 obratio se javnosti saop\u0107enjem koje u nastavku u potpunosti prenosimo.<\/p>\n\n\n\n<p>Javna je tajna kako su ustanove od klju\u010dnog zna\u010daja za gra\u0111ane Zeni\u010dko-dobojskog kantona, posebno one od va\u017enosti za zdravlje i sigurnost gra\u0111ana, taoci jeftine politike koju godinama provodi Stranka demokratske akcije (SDA).<\/p>\n\n\n\n<p>Da je to javnost odavno prepoznala govori i nevi\u0111eni izborni krah ove stranke na proteklim Lokalnim izborima 2020. godine, ali i op\u0107e ogor\u010denje zbog najavljene izmjene Zakona o unutra\u0161njim poslovima ZDK po skra\u0107enom postupku. Ova izmjena podrazumijeva penzionisanje najuspje\u0161nijeg komesara u BiH &#8211; Semira \u0160uta, ali i omogu\u0107avaju da se policija u ZDK dodatno ispolitizira.<\/p>\n\n\n\n<p>Osim toga, Kantonalna bolnica Zenica \u201czlatna je koka\u201d za SDA, a koji u ovu ustanovu uhljebljuju \u010dlanove kako bi oni, zauzvrat, glasali za njih. Pora\u017eavaju\u0107e je kako se interes stranke stavlja ispred interesa gra\u0111ana, odnosno njihovog zdravlja, pa i ne \u010dudi da je u Tu\u017eila\u0161tvu ZDK sve vi\u0161e formiranih predmeta zbog propusta u lije\u010denju upravo u zeni\u010dkoj bolnici. Ne treba zanemariti ni \u010dinjenicu da su neki od njih i presu\u0111eni.<\/p>\n\n\n\n<p>Haos koji vlada u obje navedene institucije, bolnica i MUP, dodatno je za\u010dinila koalicija SDA sa A-SDA, pardon NES-om. To je i jedan od razloga za\u0161to ve\u0107 dva mjeseca nije odr\u017ean Upravni odbor KBZ, a sve jer je NES-u (\u010ditaj Rami Isaku) pripalo jedno mjesto ali jo\u0161 nisu uspjeli prona\u0107i ko \u0107e biti taj \u010dlan jer mora biti uposlenik bolnice.<\/p>\n\n\n\n<p>Zanimljiva je i nova sistematizacija u zeni\u010dkoj bolnici, koja obiluje nizom izmi\u0161ljenih radnih mjesta, a ponajvi\u0161e onih \u0161efovski. Nju \u0107u objaviti nekom drugom prilikom. Ironi\u010dno, dok se godinama \u010deka da ova bolnica promijeni status u Univerzitetsko-klini\u010dki centar, menad\u017ementu bolnice, kojima diriguje SDA, zanimljivije je praviti sistematizaciju nego se boriti za promjenu statusa bolnice, kvalitetniju zdravstvenu za\u0161titu, bolje uslove rada\u2026<\/p>\n\n\n\n<p>\u201cZeni\u010dka inicijativa &#8211; Kasumovi\u0107 Fuad\u201d pokazala je kako se stvari postavljaju na lokalnom nivou, nedvojbeno odbijaju\u0107i prihvatiti bilo koji izvje\u0161taj ustanove ili preduze\u0107a koji je negativan. Na taj na\u010din, dokazali smo kako se savjesno i odgovorno postupa prema javnim institucijama. Dokazali smo da se promjene uistinu mogu dogoditi, samo je potrebna iskrena \u017eelja i namjera. Nakon lokalnog nivoa, gdje smo pokazali da mo\u017ee druga\u010dije, sada \u0107emo to prenijeti i na kantonalni nivo.<\/p>\n\n\n\n<p>Na kraju, \u010dvrsto vjerujem kako se zastupnici u Skup\u0161tini ZDK ne\u0107e oglu\u0161iti na op\u0107e ogor\u010denje javnosti zbog penzionisanja koje se pakuje najuspje\u0161nijem komesaru Semiru \u0160utu, ali i zanemariti pisma ambasadora SAD u BiH Erica Nelsona te visokog predstavnika u BiH Valentina Inzka u kojem upozoravaju da su predlo\u017eeni amandmani na Zakon o unutra\u0161njim poslovima ZDK prvenstveno usmjereni ka neprimjerenom zaobila\u017eenju postoje\u0107ih procedura i smjernica te nametanju direktne politi\u010dke kontrole nad policijskim sistemom ZDK.<\/p>\n\n\n\n<p>Dana\u0161nja sjednica Skup\u0161tine ZDK bit \u0107e najbolji ispit za zastupnike koji \u0107e glasanjem za nakaradni Zakon o unutra\u0161njim poslovima ZDK pokazati jesu li stavili li\u010dne, odnosno koalicione, ispred interesa gra\u0111ana koji su ih birali ne slute\u0107i da \u0107e se \u010detiri godine ma\u0107ehinski odnositi prema Kantonu.<\/p>\n","protected":false},"excerpt":{"rendered":"<p>Predsjednik kluba vije\u0107nika \u201cZI-KF\u201d, Kenan Uzunovi\u0107 obratio se javnosti saop\u0107enjem koje u nastavku u potpunosti prenosimo. Javna je tajna kako su ustanove od klju\u010dnog zna\u010daja za gra\u0111ane Zeni\u010dko-dobojskog kantona, posebno one od va\u017enosti za zdravlje i sigurnost gra\u0111ana, taoci jeftine politike koju godinama provodi Stranka demokratske akcije (SDA). Da je to javnost odavno prepoznala govori [&hellip;]<\/p>\n","protected":false},"author":59,"featured_media":31687,"comment_status":"open","ping_status":"closed","sticky":false,"template":"","format":"standard","meta":{"inline_featured_image":false,"footnotes":""},"categories":[234],"tags":[],"class_list":{"0":"post-31685","1":"post","2":"type-post","3":"status-publish","4":"format-standard","5":"has-post-thumbnail","7":"category-politika"},"acf":[],"_links":{"self":[{"href":"https:\/\/tvsensor.com\/api\/wp\/v2\/posts\/31685","targetHints":{"allow":["GET"]}}],"collection":[{"href":"https:\/\/tvsensor.com\/api\/wp\/v2\/posts"}],"about":[{"href":"https:\/\/tvsensor.com\/api\/wp\/v2\/types\/post"}],"author":[{"embeddable":true,"href":"https:\/\/tvsensor.com\/api\/wp\/v2\/users\/59"}],"replies":[{"embeddable":true,"href":"https:\/\/tvsensor.com\/api\/wp\/v2\/comments?post=31685"}],"version-history":[{"count":1,"href":"https:\/\/tvsensor.com\/api\/wp\/v2\/posts\/31685\/revisions"}],"predecessor-version":[{"id":31688,"href":"https:\/\/tvsensor.com\/api\/wp\/v2\/posts\/31685\/revisions\/31688"}],"wp:featuredmedia":[{"embeddable":true,"href":"https:\/\/tvsensor.com\/api\/wp\/v2\/media\/31687"}],"wp:attachment":[{"href":"https:\/\/tvsensor.com\/api\/wp\/v2\/media?parent=31685"}],"wp:term":[{"taxonomy":"category","embeddable":true,"href":"https:\/\/tvsensor.com\/api\/wp\/v2\/categories?post=31685"},{"taxonomy":"post_tag","embeddable":true,"href":"https:\/\/tvsensor.com\/api\/wp\/v2\/tags?post=31685"}],"curies":[{"name":"wp","href":"https:\/\/api.w.org\/{rel}","templated":true}]}}