{"id":31682,"date":"2021-06-25T14:21:52","date_gmt":"2021-06-25T13:21:52","guid":{"rendered":"https:\/\/senzor.ba\/?p=31682"},"modified":"2024-01-15T21:29:58","modified_gmt":"2024-01-15T20:29:58","slug":"stanivukovic-se-u-tuzli-susreo-s-imamovicem-ne-trebaju-stranci-ili-ambasadori-da-nas-spajaju","status":"publish","type":"post","link":"https:\/\/tvsensor.com\/clanak\/stanivukovic-se-u-tuzli-susreo-s-imamovicem-ne-trebaju-stranci-ili-ambasadori-da-nas-spajaju\/","title":{"rendered":"Stanivukovi\u0107 se u Tuzli susreo s Imamovi\u0107em: Ne trebaju stranci ili ambasadori da nas spajaju"},"content":{"rendered":"\n<p>Gradona\u010delnik Grada Tuzle, Jasmin Imamovi\u0107 i predsjedavaju\u0107a Gradskog vije\u0107a Tuzla, Nata\u0161a Peri\u0107,&nbsp; susreli su se danas, 25.06. 2021. godine, u zgradi Gradske uprave Tuzla, sa gradona\u010delnikom Banje Luke, Dra\u0161kom Stanivukovi\u0107em i saradnicima. Sastanku je prisustvovao i Eldin Tabu\u010di\u0107, predstavnik kompanije Bingo iz Tuzle<\/p>\n\n\n\n<p>Dana\u0161nji sastanak bila je prilika za razgovor o zajedni\u010dkoj saradnji dva grada na polju turizma, kulture, ekonomije, sporta i tehnolo\u0161kog razvoja.<\/p>\n\n\n\n<p>Gradona\u010delnik Tuzle, Jasmin Imamovi\u0107 za\u017eelio je dobrodo\u0161licu&nbsp; gradona\u010delniku Dra\u0161ku Stanivukovi\u0107u, u Tuzlu, u najmultikulturalniji grad u Bosni i Hercegovini: \u201cGra\u0111ani i Banje Luke i Tuzle imaju iste ljudske \u017eelje, a to je dobar zdravstveni sistem, dobro obrazovanje, za\u0161titu od korupcije i slabljenja na\u0161e zajedni\u010dke dr\u017eave, kvalitet \u017eivota, ekonomski odr\u017eiv razvoj. Po\u0161tovani kolega iz Banje Luke i ja smo se razgovarali o saradnji. Privrednici, ekonomisti, sportisti, umjetnici, sara\u0111uju odavno. Imamo investitore iz Republike Srpske u Federaciji, investitore iz Federacije Bosne i Hercegovine, pa \u010dak i&nbsp; iz Tuzle u Republici Srpskoj i Banjoj Luci, dakle vrijeme je da politi\u010dari rade kao privrednici, sportisti, umjetnici. Vrijeme je da i mi politi\u010dari dajemo poruke vi\u0161e o onome \u0161to nas ve\u017ee, nego o onome \u0161to nas razdvaja. Sarajevo, Banja Luka, Mostar, Tuzla, va\u017eni su gradovi u Bosni i Hercegovini i va\u017eno je da ti gradovi sara\u0111uju, a daleko je vi\u0161e toga u \u010demu mo\u017eemo sara\u0111ivati, nego onoga u \u010demu ne mo\u017eemo sara\u0111ivati, ili u \u010demu nemamo zajedni\u010dki interes. \u017delje na\u0161ih gra\u0111ana su iste, a mi smo tu da zadovoljimo njihove \u017eelje i da opravdamo njihovo povjerenje. Razgovarali smo i potpuno se razumjeli da treba da potenciramo ono \u0161to nas ve\u017ee, a tu ima jako puno posla, vi\u0161e nego u onome \u0161to nas razdvaja. Dobrodo\u0161li su svi gra\u0111ani Banje Luke u Tuzlu, pogotovo sada ljeti. Pozivam gra\u0111ane Banje Luke da ljetuju u Tuzli\u201c, rekao&nbsp; je gradona\u010delnik Tuzle.&nbsp;<\/p>\n\n\n\n<p>Gradona\u010delnik Banje Luke, Dra\u0161ko Stanivukovi\u0107 zahvalio je gradona\u010delniku Jasminu Imamovi\u0107u &nbsp;na gostoprimstvu i srda\u010dnoj dobrodo\u0161lici, te o dana\u0161njem susretu izjavio: \u201cJa sam zaista sre\u0107an \u0161to sam danas u Tuzli, \u0161to nije prvi put. Ja sam imao \u010dast da kao&nbsp; odbornik u Skup\u0161tini Grada Banja Luka dobijem po\u0161tovanje I, usu\u0111ujem se re\u0107i, ljubav mladih ljudi u Tuzli pa su me pozvali da sa njima razgovaram na razli\u010dite teme i ispri\u010dam&nbsp; svoje iskustvo. Od tada me ve\u017eu lijepe uspomene za grad Tuzlu. Va\u017eno je da gradovi sara\u0111uju i da mi razli\u010ditih generacija i pogleda sara\u0111ujemo i razgovaramo. Zahvalan sam jer imam \u010dast da obilazim mnoge gradove u Republici Srpskoj, Federaciji, cijeloj Bosni i Hercegovini, pa i u regionu, i da ljudi razumiju jednu univerzalnu poruku koju \u0161aljemo. Moja poruka danas ovdje u centru Tuzle jeste da je do\u0161lo vrijeme da pri\u010damo jezikom kulture, turizma, privrede, ekonomije. Na\u0161i gra\u0111ani su po\u010deli da pri\u010daju tim jezikom pa i mi koji predstavljamo na\u0161e gra\u0111ane treba da pri\u010damo tim jezikom. Danas smo pri\u010dali o turizmu i dobili smo poziv da Banjalu\u010dani posjete Tuzlu, predivna jezera i sve potencijale koje ima Tuzla. Isti takav poziv va\u017ei i za Banja Luku. Ja sam bio doma\u0107in mnogim mladim ljudima iz Tuzle. Razgovarali smo o jednom va\u017enom projektu tehnolo\u0161kog parka, gdje Tuzla mo\u017ee da nam poka\u017ee svoje iskustvo. Neka&nbsp; na\u0161i privrednici sara\u0111uju i neka se na\u0161i gra\u0111ani posje\u0107uju.&nbsp; Drago mi je da gradimo takvu vrstu mostova. Isto sam tako sre\u0107an \u0161to imam priliku da posjetim hram Uspenja Presvete Bogordice, i \u0161to \u0107u zajedno sa ljudima ovdje i vladikom Fotijem razgovarati o 140 godina postojanja hrama, \u0161to govori o tome koliko je Tuzla \u0161iroka i multikulturalan grad, \u0161to je izuzetno&nbsp; va\u017eno. I Banja Luka je grad u kojoj ima mjesto za \u017eivot svakog \u010dovjeka. Ovakvim posjetama koje su zna\u010dajne, mijenjamo ustaljene \u0161ablone i odre\u0111ene jezike netrpeljivosti koji se godinama \u0161alju i kojima vi\u0161e ne treba da bude mjesto. Volio bih da ovakve posjete ne budu nikakva vrsta senzacije nego jedna rutina i ja vas, gradona\u010delni\u010de, o\u010dekujem u posjeti u Banjoj Luci. \u0160aljemo jednu va\u017enu poruku regionu i cijelom svijetu da ne trebaju nikakve me\u0111unarodne zajednice ni druge ambasade da nas spajaju. Mi smo dovoljno ljudi da mo\u017eemo to sami da u\u010dinimo.\u201d<\/p>\n","protected":false},"excerpt":{"rendered":"<p>Gradona\u010delnik Grada Tuzle, Jasmin Imamovi\u0107 i predsjedavaju\u0107a Gradskog vije\u0107a Tuzla, Nata\u0161a Peri\u0107,&nbsp; susreli su se danas, 25.06. 2021. godine, u zgradi Gradske uprave Tuzla, sa gradona\u010delnikom Banje Luke, Dra\u0161kom Stanivukovi\u0107em i saradnicima. Sastanku je prisustvovao i Eldin Tabu\u010di\u0107, predstavnik kompanije Bingo iz Tuzle Dana\u0161nji sastanak bila je prilika za razgovor o zajedni\u010dkoj saradnji dva grada [&hellip;]<\/p>\n","protected":false},"author":59,"featured_media":31683,"comment_status":"open","ping_status":"closed","sticky":false,"template":"","format":"standard","meta":{"inline_featured_image":false,"footnotes":""},"categories":[38],"tags":[],"class_list":{"0":"post-31682","1":"post","2":"type-post","3":"status-publish","4":"format-standard","5":"has-post-thumbnail","7":"category-vijesti-iz-bih"},"acf":[],"_links":{"self":[{"href":"https:\/\/tvsensor.com\/api\/wp\/v2\/posts\/31682","targetHints":{"allow":["GET"]}}],"collection":[{"href":"https:\/\/tvsensor.com\/api\/wp\/v2\/posts"}],"about":[{"href":"https:\/\/tvsensor.com\/api\/wp\/v2\/types\/post"}],"author":[{"embeddable":true,"href":"https:\/\/tvsensor.com\/api\/wp\/v2\/users\/59"}],"replies":[{"embeddable":true,"href":"https:\/\/tvsensor.com\/api\/wp\/v2\/comments?post=31682"}],"version-history":[{"count":1,"href":"https:\/\/tvsensor.com\/api\/wp\/v2\/posts\/31682\/revisions"}],"predecessor-version":[{"id":31684,"href":"https:\/\/tvsensor.com\/api\/wp\/v2\/posts\/31682\/revisions\/31684"}],"wp:featuredmedia":[{"embeddable":true,"href":"https:\/\/tvsensor.com\/api\/wp\/v2\/media\/31683"}],"wp:attachment":[{"href":"https:\/\/tvsensor.com\/api\/wp\/v2\/media?parent=31682"}],"wp:term":[{"taxonomy":"category","embeddable":true,"href":"https:\/\/tvsensor.com\/api\/wp\/v2\/categories?post=31682"},{"taxonomy":"post_tag","embeddable":true,"href":"https:\/\/tvsensor.com\/api\/wp\/v2\/tags?post=31682"}],"curies":[{"name":"wp","href":"https:\/\/api.w.org\/{rel}","templated":true}]}}