{"id":31678,"date":"2021-06-25T10:54:33","date_gmt":"2021-06-25T09:54:33","guid":{"rendered":"https:\/\/senzor.ba\/?p=31678"},"modified":"2024-01-15T21:29:59","modified_gmt":"2024-01-15T20:29:59","slug":"njemacki-zastupnik-pozivamo-eu-da-dodijeli-kandidatski-status-bih","status":"publish","type":"post","link":"https:\/\/tvsensor.com\/clanak\/njemacki-zastupnik-pozivamo-eu-da-dodijeli-kandidatski-status-bih\/","title":{"rendered":"Njema\u010dki zastupnik: Pozivamo EU da dodijeli kandidatski status BiH"},"content":{"rendered":"\n<p>Pozivamo dr\u017eave \u010dlanice Evropske unije da kona\u010dno dodijele kandidatski status Bosni i Hercegovini. Ali zahtijevamo i daljnje zna\u010dajne reforme.<\/p>\n\n\n\n<p>Poru\u010dio je ovo u svom video obra\u0107anju Dietmar K\u00f6ster, njema\u010dki zastupnik u Evropskom parlamentu i izvjestitelj u sjeni za Bosnu i Hercegovinu.<\/p>\n\n\n\n<p>K\u00f6sterovo obra\u0107anje na svom Twitter profilu objavila je njegova stranka \u2013 Progresivni savez socijalista i demokrata (S&amp;D), netom nakon \u0161to je Evropski parlament usvojio Rezoluciju o Bosni i Hercegovini.<\/p>\n\n\n\n<p>&#8211; Bosna i Hercegovina pripada Evropi. Stoga i pozivamo dr\u017eave \u010dlanice da kona\u010dno dodijele kandidatski status Bosni i Hercegovini.<\/p>\n\n\n\n<p>U Izvje\u0161taju Parlamenta navodi se da je Bosna i Hercegovina postigla odre\u0111eni napredak. Ali ima jo\u0161 posla.<\/p>\n\n\n\n<p>Zemlja mora nadvladati etni\u010dke napetosti. Nagla\u0161avamo potrebu za ustavnim i izbornim reformama kako bi se eliminisala korupcija, te oja\u010dali sloboda medija, gra\u0111anska i osnovna ljudska prava za sve.<\/p>\n\n\n\n<p>Neprihvatljiva je diskriminacija ljudi zbog njihove nacionalnosti, spola ili seksualne orijentacije.<\/p>\n\n\n\n<p>Borimo se za prosperitetnu Bosnu i Hercegovinu, sa sna\u017enom dru\u0161tvenom kohezijom i socijalnom pravdom koja \u0107e unaprijediti svakodnevni \u017eivot obi\u010dnih ljudi.<\/p>\n\n\n\n<p>Bosni i Hercegovini potrebna je i reforma javne uprave kako bi razli\u010diti nivoi dr\u017eavne vlasti mogli funkcionisati ispravno.<\/p>\n\n\n\n<p>&#8211; Pozivam vlasti da se pozabave sa groznom situacijom u kojoj se nalaze izbjeglice koje su zapele u Bosni i Hercegovini. Mora ih se tretirati u skladu s me\u0111unarodnim normama i osigurati im se sanitarni \u010dvorovi, hrana, pristup zdravstvenom sistemu i adekvatan smje\u0161taj \u2013 poru\u010dio je K\u00f6ster, pi\u0161u Vijesti.ba.<\/p>\n","protected":false},"excerpt":{"rendered":"<p>Pozivamo dr\u017eave \u010dlanice Evropske unije da kona\u010dno dodijele kandidatski status Bosni i Hercegovini. Ali zahtijevamo i daljnje zna\u010dajne reforme. Poru\u010dio je ovo u svom video obra\u0107anju Dietmar K\u00f6ster, njema\u010dki zastupnik u Evropskom parlamentu i izvjestitelj u sjeni za Bosnu i Hercegovinu. K\u00f6sterovo obra\u0107anje na svom Twitter profilu objavila je njegova stranka \u2013 Progresivni savez socijalista [&hellip;]<\/p>\n","protected":false},"author":59,"featured_media":31679,"comment_status":"open","ping_status":"closed","sticky":false,"template":"","format":"standard","meta":{"inline_featured_image":false,"footnotes":""},"categories":[234],"tags":[],"class_list":{"0":"post-31678","1":"post","2":"type-post","3":"status-publish","4":"format-standard","5":"has-post-thumbnail","7":"category-politika"},"acf":[],"_links":{"self":[{"href":"https:\/\/tvsensor.com\/api\/wp\/v2\/posts\/31678","targetHints":{"allow":["GET"]}}],"collection":[{"href":"https:\/\/tvsensor.com\/api\/wp\/v2\/posts"}],"about":[{"href":"https:\/\/tvsensor.com\/api\/wp\/v2\/types\/post"}],"author":[{"embeddable":true,"href":"https:\/\/tvsensor.com\/api\/wp\/v2\/users\/59"}],"replies":[{"embeddable":true,"href":"https:\/\/tvsensor.com\/api\/wp\/v2\/comments?post=31678"}],"version-history":[{"count":2,"href":"https:\/\/tvsensor.com\/api\/wp\/v2\/posts\/31678\/revisions"}],"predecessor-version":[{"id":31681,"href":"https:\/\/tvsensor.com\/api\/wp\/v2\/posts\/31678\/revisions\/31681"}],"wp:featuredmedia":[{"embeddable":true,"href":"https:\/\/tvsensor.com\/api\/wp\/v2\/media\/31679"}],"wp:attachment":[{"href":"https:\/\/tvsensor.com\/api\/wp\/v2\/media?parent=31678"}],"wp:term":[{"taxonomy":"category","embeddable":true,"href":"https:\/\/tvsensor.com\/api\/wp\/v2\/categories?post=31678"},{"taxonomy":"post_tag","embeddable":true,"href":"https:\/\/tvsensor.com\/api\/wp\/v2\/tags?post=31678"}],"curies":[{"name":"wp","href":"https:\/\/api.w.org\/{rel}","templated":true}]}}