{"id":31657,"date":"2021-06-25T08:32:27","date_gmt":"2021-06-25T07:32:27","guid":{"rendered":"https:\/\/senzor.ba\/?p=31657"},"modified":"2024-01-15T21:30:02","modified_gmt":"2024-01-15T20:30:02","slug":"tornado-pogodio-cesku-povrijedjeno-najmanje-150-osoba","status":"publish","type":"post","link":"https:\/\/tvsensor.com\/clanak\/tornado-pogodio-cesku-povrijedjeno-najmanje-150-osoba\/","title":{"rendered":"Tornado pogodio \u010ce\u0161ku: Povrije\u0111eno najmanje 200 osoba"},"content":{"rendered":"\n<p>Tornado koji je u \u010detvrtak zahvatio nekoliko gradova na jugoistoku \u010ce\u0161ke ru\u0161io je ku\u0107e do temelja i ozlijedio najmanje 200 ljudi, rekli su spasioci i policija.<\/p>\n\n\n\n<p>Video snimci iz regije na dru\u0161tvenim mre\u017eama prikazuju uni\u0161tene zgrade i automobile, i nekoliko po\u017eara s gustim crnim dimom, prenosi The Guardian.<\/p>\n\n\n\n<p>&#8220;\u017divi pakao&#8221;, rekao je u \u010detvrtak guverner Ju\u017ene Moravske Jan Grolich nakon posjete tom podru\u010dju.<\/p>\n\n\n\n<blockquote class=\"twitter-tweet\"><p lang=\"en\" dir=\"ltr\">WATCH: Rare tornado hits the Czech Republic, causing major damage and injuring an unknown number of people <a href=\"https:\/\/t.co\/cG3BzDxW6p\">pic.twitter.com\/cG3BzDxW6p<\/a><\/p>\u2014 BNO News (@BNONews) <a href=\"https:\/\/twitter.com\/BNONews\/status\/1408146501843496966?ref_src=twsrc%5Etfw\">June 24, 2021<\/a><\/blockquote> <script async=\"\" src=\"https:\/\/platform.twitter.com\/widgets.js\" charset=\"utf-8\"><\/script>\n\n\n\n<p>\u010ce\u0161ka novinska agencija CTK citirala je gradona\u010delnika Hruskog da je polovina njegovog sela sravnjena sa zemljom.<\/p>\n\n\n\n<p>Glasnogovornica lokalne hitne slu\u017ebe Hedvika Kropackova rekla je da je bilo smrtnih slu\u010dajeva i da su ljudi i dalje zarobljeni pod ru\u0161evinama.<\/p>\n\n\n\n<p>Kropackova je rekla da su o\u010dekivali desetine povreda. Me\u0111utim, bolnica u gradu Hodonin na \u010de\u0161ko-slova\u010dkoj granici saop\u0107ila je da je lije\u010dila do 200 ozlije\u0111enih osoba.<\/p>\n\n\n\n<p>Na putu tornada na\u0161lo se sedam op\u0161tina, a najte\u017ee je pogo\u0111ena pokrajina Ju\u017ena Morava.<\/p>\n\n\n\n<figure class=\"wp-block-embed is-type-video is-provider-youtube wp-block-embed-youtube wp-embed-aspect-16-9 wp-has-aspect-ratio\"><div class=\"wp-block-embed__wrapper\">\n<iframe loading=\"lazy\" title=\"Incredible footage of Tornado in Czech Hodonin - Tornado Tschechien\" width=\"696\" height=\"392\" src=\"https:\/\/www.youtube.com\/embed\/JW00WoVw5Ic?feature=oembed\" frameborder=\"0\" allow=\"accelerometer; autoplay; clipboard-write; encrypted-media; gyroscope; picture-in-picture\" allowfullscreen><\/iframe>\n<\/div><\/figure>\n","protected":false},"excerpt":{"rendered":"<p>Tornado koji je u \u010detvrtak zahvatio nekoliko gradova na jugoistoku \u010ce\u0161ke ru\u0161io je ku\u0107e do temelja i ozlijedio najmanje 200 ljudi, rekli su spasioci i policija. Video snimci iz regije na dru\u0161tvenim mre\u017eama prikazuju uni\u0161tene zgrade i automobile, i nekoliko po\u017eara s gustim crnim dimom, prenosi The Guardian. &#8220;\u017divi pakao&#8221;, rekao je u \u010detvrtak guverner [&hellip;]<\/p>\n","protected":false},"author":59,"featured_media":31664,"comment_status":"open","ping_status":"closed","sticky":false,"template":"","format":"gallery","meta":{"inline_featured_image":false,"footnotes":""},"categories":[41],"tags":[],"class_list":{"0":"post-31657","1":"post","2":"type-post","3":"status-publish","4":"format-gallery","5":"has-post-thumbnail","7":"category-svijet","8":"post_format-post-format-gallery"},"acf":[],"_links":{"self":[{"href":"https:\/\/tvsensor.com\/api\/wp\/v2\/posts\/31657","targetHints":{"allow":["GET"]}}],"collection":[{"href":"https:\/\/tvsensor.com\/api\/wp\/v2\/posts"}],"about":[{"href":"https:\/\/tvsensor.com\/api\/wp\/v2\/types\/post"}],"author":[{"embeddable":true,"href":"https:\/\/tvsensor.com\/api\/wp\/v2\/users\/59"}],"replies":[{"embeddable":true,"href":"https:\/\/tvsensor.com\/api\/wp\/v2\/comments?post=31657"}],"version-history":[{"count":3,"href":"https:\/\/tvsensor.com\/api\/wp\/v2\/posts\/31657\/revisions"}],"predecessor-version":[{"id":31667,"href":"https:\/\/tvsensor.com\/api\/wp\/v2\/posts\/31657\/revisions\/31667"}],"wp:featuredmedia":[{"embeddable":true,"href":"https:\/\/tvsensor.com\/api\/wp\/v2\/media\/31664"}],"wp:attachment":[{"href":"https:\/\/tvsensor.com\/api\/wp\/v2\/media?parent=31657"}],"wp:term":[{"taxonomy":"category","embeddable":true,"href":"https:\/\/tvsensor.com\/api\/wp\/v2\/categories?post=31657"},{"taxonomy":"post_tag","embeddable":true,"href":"https:\/\/tvsensor.com\/api\/wp\/v2\/tags?post=31657"}],"curies":[{"name":"wp","href":"https:\/\/api.w.org\/{rel}","templated":true}]}}