{"id":31639,"date":"2021-06-24T15:56:49","date_gmt":"2021-06-24T14:56:49","guid":{"rendered":"https:\/\/senzor.ba\/?p=31639"},"modified":"2024-01-15T21:30:04","modified_gmt":"2024-01-15T20:30:04","slug":"komsic-ocekivao-sam-da-ce-eu-parlament-odbaciti-amandmane-hrvatske-o-konstitutivnosti","status":"publish","type":"post","link":"https:\/\/tvsensor.com\/clanak\/komsic-ocekivao-sam-da-ce-eu-parlament-odbaciti-amandmane-hrvatske-o-konstitutivnosti\/","title":{"rendered":"Kom\u0161i\u0107: O\u010dekivao sam da \u0107e EU parlament odbaciti amandmane Hrvatske o konstitutivnosti"},"content":{"rendered":"\n<p>\u010clan Predsjedni\u0161tva Bosne i Hercegovine \u017deljko Kom\u0161i\u0107 kazao je da su amandmani koji se odnose na tzv. konstitutivnost naroda odba\u010deni ve\u0107inom glasova u Evropskom parlamentu, komentari\u0161u\u0107i sino\u0107nju debatu o Izvje\u0161taju o napretku BiH za period 2019-2020.<\/p>\n\n\n\n<p>&#8211; To je bilo i o\u010dekivano s obzirom na \u010dinjenicu da to navodno legitimno predstavljanje konstitutivnih naroda nema nikakvo upori\u0161te u presudama Evropskog suda za ljudska prava. \u0160tavi\u0161e, izri\u010dito se nala\u017ee da se taj princip odbaci. Nekada je to u Bosni i Hercegovini bilo te\u0161ko i re\u0107i. Odmah vas napadnu. Danas Evropski parlament se jasno izjasnio o tome pitanju. Mogu re\u0107i da sam zadovoljan. To je poruka koju Zagreb treba dobro primiti k znanju, jer sada je jasno da etni\u010dki koncept koji forsiraju u Bosni i Hercegovini, nije prihvatljiv za EU \u2013 komentarisao je Kom\u0161i\u0107.<\/p>\n\n\n\n<p>\u010clan Predsjedni\u0161tva BiH je rekao i da o\u010dekuje da danas Rezolucija o BiH bude usvojena.<\/p>\n\n\n\n<p>&#8211; Bilo bi dobro da se zastupnici u Evropskom parlamentu prestanu brukati, i da malo vi\u0161e \u010ditaju presude Evropskog suda za ljudska prava, Mi\u0161ljenje Evropske komisije o kandidatskom statusu BiH za \u010dlanstvo u EU i ostale relevantne dokumente \u2013 potcrtao je Kom\u0161i\u0107.<\/p>\n","protected":false},"excerpt":{"rendered":"<p>\u010clan Predsjedni\u0161tva Bosne i Hercegovine \u017deljko Kom\u0161i\u0107 kazao je da su amandmani koji se odnose na tzv. konstitutivnost naroda odba\u010deni ve\u0107inom glasova u Evropskom parlamentu, komentari\u0161u\u0107i sino\u0107nju debatu o Izvje\u0161taju o napretku BiH za period 2019-2020. &#8211; To je bilo i o\u010dekivano s obzirom na \u010dinjenicu da to navodno legitimno predstavljanje konstitutivnih naroda nema nikakvo [&hellip;]<\/p>\n","protected":false},"author":59,"featured_media":31640,"comment_status":"open","ping_status":"closed","sticky":false,"template":"","format":"standard","meta":{"inline_featured_image":false,"footnotes":""},"categories":[376,234],"tags":[],"class_list":{"0":"post-31639","1":"post","2":"type-post","3":"status-publish","4":"format-standard","5":"has-post-thumbnail","7":"category-featured","8":"category-politika"},"acf":[],"_links":{"self":[{"href":"https:\/\/tvsensor.com\/api\/wp\/v2\/posts\/31639","targetHints":{"allow":["GET"]}}],"collection":[{"href":"https:\/\/tvsensor.com\/api\/wp\/v2\/posts"}],"about":[{"href":"https:\/\/tvsensor.com\/api\/wp\/v2\/types\/post"}],"author":[{"embeddable":true,"href":"https:\/\/tvsensor.com\/api\/wp\/v2\/users\/59"}],"replies":[{"embeddable":true,"href":"https:\/\/tvsensor.com\/api\/wp\/v2\/comments?post=31639"}],"version-history":[{"count":1,"href":"https:\/\/tvsensor.com\/api\/wp\/v2\/posts\/31639\/revisions"}],"predecessor-version":[{"id":31641,"href":"https:\/\/tvsensor.com\/api\/wp\/v2\/posts\/31639\/revisions\/31641"}],"wp:featuredmedia":[{"embeddable":true,"href":"https:\/\/tvsensor.com\/api\/wp\/v2\/media\/31640"}],"wp:attachment":[{"href":"https:\/\/tvsensor.com\/api\/wp\/v2\/media?parent=31639"}],"wp:term":[{"taxonomy":"category","embeddable":true,"href":"https:\/\/tvsensor.com\/api\/wp\/v2\/categories?post=31639"},{"taxonomy":"post_tag","embeddable":true,"href":"https:\/\/tvsensor.com\/api\/wp\/v2\/tags?post=31639"}],"curies":[{"name":"wp","href":"https:\/\/api.w.org\/{rel}","templated":true}]}}