{"id":31611,"date":"2021-06-24T15:07:10","date_gmt":"2021-06-24T14:07:10","guid":{"rendered":"https:\/\/senzor.ba\/?p=31611"},"modified":"2024-01-15T21:30:08","modified_gmt":"2024-01-15T20:30:08","slug":"autobuska-stanica-u-zenici-u-funkciji-nakon-godinu-i-po-dana","status":"publish","type":"post","link":"https:\/\/tvsensor.com\/clanak\/autobuska-stanica-u-zenici-u-funkciji-nakon-godinu-i-po-dana\/","title":{"rendered":"Autobuska stanica u Zenici u funkciji nakon godinu i po dana"},"content":{"rendered":"\n<p>Nakon godinu i po dana, Autobuska stanica u Zenici, od srijede, 23. juna ponovo je u funkciji i na usluzi svim gra\u0111anima i firmama koje obavljaju javni prevoz putnika.<\/p>\n\n\n\n<p>Poslije raspisanog javnog poziva od strane vlasnika, Grada Zenica, upravljanje Autobuskom stanicom je po osnovu ugovora povjereno preduze\u0107u \u201ePrevoz putnika&#8221; d.o.o. Zavidovi\u0107i. Iz menad\u017ementa ovog preduze\u0107a, Gradsku upravu su obavijestili da je u proteklom periodu izvr\u0161eno ure\u0111enje stanice.<\/p>\n\n\n\n<p>&#8220;Objekat je renoviran, peroni su tako\u0111er preure\u0111eni. Osim toga, sanirano je i proki\u0161njavanje krova&#8221;, navedeno je iz preduze\u0107a &#8220;Prevoz putnika&#8221; d.o.o..<\/p>\n\n\n\n<p>Trenutno je ulaz na stanicu besplatan, kako za autobuse, tako i za putnike, a ne napla\u0107uje se ni parking za autobuse.<\/p>\n\n\n\n<p>&#8220;Ulaz na perone se ne napla\u0107uje, slobodan je i za autobuse i za putnike. Tako \u0107e biti sve dok se ne potpi\u0161u ugovori sa prevoznicima, odnosno dok stanica ne dobije kategorizaciju. O\u010dekuje se da \u0107e se i ove administrativne stvari rije\u0161iti ve\u0107 naredne sedmice\u201c, navode iz \u201ePrevoza puntika\u201c.<\/p>\n\n\n\n<p>S obzirom na to da stanica du\u017ee vrijeme nije bila u funkciji, policijski slu\u017ebenici preusmjeravaju autobuse na perone, odakle se vr\u0161e polasci za sve destinacije u doma\u0107em i me\u0111unarodnom saobra\u0107aju.<\/p>\n\n\n\n<p>\u201eSretan sam da smo kona\u010dno i ovaj problem, do kojeg nije trebalo ni do\u0107i, rije\u0161ili i da putnici, kao i prevoznici sada imaju normalne uslove. Kona\u010dno \u0107e odahnuti i na\u0161i sugra\u0111ani iz ovog dijela grada obzirom na velike gu\u017eve koje su u proteklom periodu tu vladale\u201c, ka\u017ee Fuad Kasumovi\u0107, gradona\u010delnik Zenice.<\/p>\n\n\n\n<p>Podsje\u0107amo, grupa biv\u0161ih radnika Javnog komunalnog preduze\u0107a \u201eZenicatrans &#8211; prevoz putnika\u201c d.d. Zenica\u201c 31. decembra 2019. godine, blokirala je stanicu i onemogu\u0107ila ulazak autobusa i prijem putnika. Osim blokade stanice, tada su ostavili gra\u0111ane i bez javnog prevoza, zbog \u010dega su Zeni\u010dani i gosti na\u0161eg grada nepunih 18 mjeseci bili primorani u autobuse ulaziti na ulici riskiraju\u0107i tako i svoje \u017eivote.<\/p>\n","protected":false},"excerpt":{"rendered":"<p>Nakon godinu i po dana, Autobuska stanica u Zenici, od srijede, 23. juna ponovo je u funkciji i na usluzi svim gra\u0111anima i firmama koje obavljaju javni prevoz putnika. Poslije raspisanog javnog poziva od strane vlasnika, Grada Zenica, upravljanje Autobuskom stanicom je po osnovu ugovora povjereno preduze\u0107u \u201ePrevoz putnika&#8221; d.o.o. Zavidovi\u0107i. Iz menad\u017ementa ovog preduze\u0107a, [&hellip;]<\/p>\n","protected":false},"author":59,"featured_media":31612,"comment_status":"open","ping_status":"closed","sticky":false,"template":"","format":"standard","meta":{"inline_featured_image":false,"footnotes":""},"categories":[38],"tags":[],"class_list":{"0":"post-31611","1":"post","2":"type-post","3":"status-publish","4":"format-standard","5":"has-post-thumbnail","7":"category-vijesti-iz-bih"},"acf":[],"_links":{"self":[{"href":"https:\/\/tvsensor.com\/api\/wp\/v2\/posts\/31611","targetHints":{"allow":["GET"]}}],"collection":[{"href":"https:\/\/tvsensor.com\/api\/wp\/v2\/posts"}],"about":[{"href":"https:\/\/tvsensor.com\/api\/wp\/v2\/types\/post"}],"author":[{"embeddable":true,"href":"https:\/\/tvsensor.com\/api\/wp\/v2\/users\/59"}],"replies":[{"embeddable":true,"href":"https:\/\/tvsensor.com\/api\/wp\/v2\/comments?post=31611"}],"version-history":[{"count":1,"href":"https:\/\/tvsensor.com\/api\/wp\/v2\/posts\/31611\/revisions"}],"predecessor-version":[{"id":31613,"href":"https:\/\/tvsensor.com\/api\/wp\/v2\/posts\/31611\/revisions\/31613"}],"wp:featuredmedia":[{"embeddable":true,"href":"https:\/\/tvsensor.com\/api\/wp\/v2\/media\/31612"}],"wp:attachment":[{"href":"https:\/\/tvsensor.com\/api\/wp\/v2\/media?parent=31611"}],"wp:term":[{"taxonomy":"category","embeddable":true,"href":"https:\/\/tvsensor.com\/api\/wp\/v2\/categories?post=31611"},{"taxonomy":"post_tag","embeddable":true,"href":"https:\/\/tvsensor.com\/api\/wp\/v2\/tags?post=31611"}],"curies":[{"name":"wp","href":"https:\/\/api.w.org\/{rel}","templated":true}]}}