{"id":31472,"date":"2021-06-22T15:17:06","date_gmt":"2021-06-22T14:17:06","guid":{"rendered":"https:\/\/senzor.ba\/?p=31472"},"modified":"2024-01-15T21:30:30","modified_gmt":"2024-01-15T20:30:30","slug":"akademik-ramic-rezolucija-o-srebrenici-u-cg-je-bitna-za-cijeli-svijet","status":"publish","type":"post","link":"https:\/\/tvsensor.com\/clanak\/akademik-ramic-rezolucija-o-srebrenici-u-cg-je-bitna-za-cijeli-svijet\/","title":{"rendered":"Akademik Rami\u0107: Rezolucija o Srebrenici u CG je bitna za cijeli svijet"},"content":{"rendered":"\n<p>Izme\u0111u ostalog Rami\u0107 je govorio o zna\u010daju presude Ratku Mladi\u0107u, sudskoj, nau\u010dnoj i historijskoj istini o Bosanskom genocidu, zna\u010daju usvajanja rezolucije o genocidu u Srebrenici u parlamentu Crne Gore, osporavanju naziva entiteta RS, ukidanju entiteta RS zbog kumulativnih presuda za genocid, neiskori\u0161tenim pravnim mogu\u0107nostima Visokog predstavnika, zna\u010daju savjetodavnog mi\u0161ljenja Me\u0111unarodnog suda pravde u vezi postojanja entiteta RS.<\/p>\n\n\n\n<p>Rami\u0107 se osvrnuo i na trenutnu politi\u010dku situaciju u Bosni i Hercegovini, te zna\u010daju bosanskohercegova\u010dke dijaspore u kreiranju bolje dr\u017eave Bosne i Hercegovine.<\/p>\n\n\n\n<p>Posebno je govorio o akademskoj, ekonomskoj i politi\u010dkoj snazi bosanskohercegova\u010dke dijaspore u procesu lobiranja za bosanskohercegova\u010dke dr\u017eavne i dru\u0161tvene vrijednosti.<\/p>\n\n\n\n<p>Kao primjer zajedni\u010dkog rada bosanskohercegova\u010dke dijaspore Rami\u0107 je govorio o Gra\u0111anskoj inicijativi &#8220;Klub 100 Plus\u201d, kojom se od Viskog predstavnika za Bosnu i Hercegovinu Valentina Inzka tra\u017ei da po hitnom postupku nametne zakon o zabrani negiranja genocida u Bosni i Hercegovini.<\/p>\n","protected":false},"excerpt":{"rendered":"<p>Izme\u0111u ostalog Rami\u0107 je govorio o zna\u010daju presude Ratku Mladi\u0107u, sudskoj, nau\u010dnoj i historijskoj istini o Bosanskom genocidu, zna\u010daju usvajanja rezolucije o genocidu u Srebrenici u parlamentu Crne Gore, osporavanju naziva entiteta RS, ukidanju entiteta RS zbog kumulativnih presuda za genocid, neiskori\u0161tenim pravnim mogu\u0107nostima Visokog predstavnika, zna\u010daju savjetodavnog mi\u0161ljenja Me\u0111unarodnog suda pravde u vezi postojanja [&hellip;]<\/p>\n","protected":false},"author":59,"featured_media":31475,"comment_status":"open","ping_status":"closed","sticky":false,"template":"","format":"video","meta":{"inline_featured_image":false,"footnotes":""},"categories":[1242,72],"tags":[],"class_list":{"0":"post-31472","1":"post","2":"type-post","3":"status-publish","4":"format-video","5":"has-post-thumbnail","7":"category-dijalog","8":"category-video-galerija","9":"post_format-post-format-video"},"acf":[],"_links":{"self":[{"href":"https:\/\/tvsensor.com\/api\/wp\/v2\/posts\/31472","targetHints":{"allow":["GET"]}}],"collection":[{"href":"https:\/\/tvsensor.com\/api\/wp\/v2\/posts"}],"about":[{"href":"https:\/\/tvsensor.com\/api\/wp\/v2\/types\/post"}],"author":[{"embeddable":true,"href":"https:\/\/tvsensor.com\/api\/wp\/v2\/users\/59"}],"replies":[{"embeddable":true,"href":"https:\/\/tvsensor.com\/api\/wp\/v2\/comments?post=31472"}],"version-history":[{"count":1,"href":"https:\/\/tvsensor.com\/api\/wp\/v2\/posts\/31472\/revisions"}],"predecessor-version":[{"id":31474,"href":"https:\/\/tvsensor.com\/api\/wp\/v2\/posts\/31472\/revisions\/31474"}],"wp:featuredmedia":[{"embeddable":true,"href":"https:\/\/tvsensor.com\/api\/wp\/v2\/media\/31475"}],"wp:attachment":[{"href":"https:\/\/tvsensor.com\/api\/wp\/v2\/media?parent=31472"}],"wp:term":[{"taxonomy":"category","embeddable":true,"href":"https:\/\/tvsensor.com\/api\/wp\/v2\/categories?post=31472"},{"taxonomy":"post_tag","embeddable":true,"href":"https:\/\/tvsensor.com\/api\/wp\/v2\/tags?post=31472"}],"curies":[{"name":"wp","href":"https:\/\/api.w.org\/{rel}","templated":true}]}}