{"id":31390,"date":"2021-06-18T13:43:50","date_gmt":"2021-06-18T12:43:50","guid":{"rendered":"https:\/\/senzor.ba\/?p=31390"},"modified":"2024-01-15T21:30:51","modified_gmt":"2024-01-15T20:30:51","slug":"dodik-shrvan-usvajanjem-rezolucije-o-srebrenici-dio-vecine-u-crnoj-gori-se-obracunao-s-rs-om","status":"publish","type":"post","link":"https:\/\/tvsensor.com\/clanak\/dodik-shrvan-usvajanjem-rezolucije-o-srebrenici-dio-vecine-u-crnoj-gori-se-obracunao-s-rs-om\/","title":{"rendered":"Dodik shrvan: Usvajanjem rezolucije o Srebrenici dio ve\u0107ine u Crnoj Gori se obra\u010dunao s RS-om"},"content":{"rendered":"\n<p>Predsjedavaju\u0107i Predsjedni\u0161tva BiH Milorad Dodik izjavio je Srni da su parlamentarne politi\u010dke partije koje su u Skup\u0161tini Crne Gore usvojile Rezoluciju Srebrenici ispoljile otvoreni akt neprijateljstva prema RS-u i Srbima.<\/p>\n\n\n\n<p>Upitan da prokomentari\u0161e usvajanje Rezolucije o zabrani negiranja genocida u Srebrenici u Skup\u0161tini Crne Gore, Milorad Dodik je rekao kako je i dio ve\u0107ine u Skup\u0161tini koji su u\u0161li glasovima srpskog naroda popustili pod pritiskom i ucjenama.<\/p>\n\n\n\n<p>&#8211; Mi \u0107emo znati kako da se odnosimo prema njima. \u0160teta je \u0161to je dio ve\u0107ine, koji je i srpskim glasovima u\u0161ao u parlament Crne Gore popustio pred pritiscima i ucjenama i na takav na\u010din se obra\u010dunao sa Srbima i Republikom Srpskom. Bilo bi mnogo bolje da su istine radi, budu\u0107nosti radi i novih generacija radi pogledali izvje\u0161taj koji je sa\u010dinila Nezavisna komisija na \u010delu sa Gideonom Grajfom o Srebrenici i odredili se o tome\u201d, istakao je Dodik.<\/p>\n\n\n\n<p>Dodik je naglasio da je Skup\u0161tina Crne Gore sino\u0107 na mala vrata uvela i verbalni delikt u dr\u017eavu koja se vijekovima di\u010dila slobodarstvom.<\/p>\n\n\n\n<p>&#8211; Ako Parlamentarna skup\u0161tina BiH nije usvojila jedan takav akt postavlja se pitanje \u0161ta je to motivisalo Crnu Goru da se o tome odre\u0111uje, posebno ako je rije\u010d o tragi\u010dnim doga\u0111ajima koji nemaju veze sa Crnom Gorom. Ako je DPS-u proradila savjest, jer je njen lider u\u010desnik ratnih de\u0161avanja 90-ih, nije jasno \u0161ta je druge politi\u010dke partije u Crnoj Gori rukovodilo za jednu sramnu rezoluciju kakva je sino\u0107 usvojena u crnogorskom parlamentu\u201d, rekao je Dodik.<\/p>\n\n\n\n<p>Skup\u0161tina Crne Gore izglasala je sino\u0107 Rezoluciju o zabrani negiranja genocida u Srebrenici. Za usvajanje Rezolucije glasalo je 55 poslanika, protiv je bilo 19, a uzdr\u017eano sedam.<\/p>\n\n\n\n<p>Rezolucija, izme\u0111u ostalog, podrazumijeva \u201cda parlament osudi i priznaje da se u Srebrenici dogodio genocid i da je ubijeno vi\u0161e od 8.000 Bo\u0161njaka\u201d.<\/p>\n\n\n\n<p>Tekst rezolucije predvidio je i da 11. jul bude progla\u0161en Danom sje\u0107anja na \u017ertve Srebrenice, da se afirmi\u0161e mir i stabilnost i da se pozovu javne institucije da istra\u017ee ratne zlo\u010dine.<\/p>\n","protected":false},"excerpt":{"rendered":"<p>Predsjedavaju\u0107i Predsjedni\u0161tva BiH Milorad Dodik izjavio je Srni da su parlamentarne politi\u010dke partije koje su u Skup\u0161tini Crne Gore usvojile Rezoluciju Srebrenici ispoljile otvoreni akt neprijateljstva prema RS-u i Srbima. Upitan da prokomentari\u0161e usvajanje Rezolucije o zabrani negiranja genocida u Srebrenici u Skup\u0161tini Crne Gore, Milorad Dodik je rekao kako je i dio ve\u0107ine u [&hellip;]<\/p>\n","protected":false},"author":59,"featured_media":31391,"comment_status":"open","ping_status":"closed","sticky":false,"template":"","format":"standard","meta":{"inline_featured_image":false,"footnotes":""},"categories":[376,40],"tags":[],"class_list":{"0":"post-31390","1":"post","2":"type-post","3":"status-publish","4":"format-standard","5":"has-post-thumbnail","7":"category-featured","8":"category-region"},"acf":[],"_links":{"self":[{"href":"https:\/\/tvsensor.com\/api\/wp\/v2\/posts\/31390","targetHints":{"allow":["GET"]}}],"collection":[{"href":"https:\/\/tvsensor.com\/api\/wp\/v2\/posts"}],"about":[{"href":"https:\/\/tvsensor.com\/api\/wp\/v2\/types\/post"}],"author":[{"embeddable":true,"href":"https:\/\/tvsensor.com\/api\/wp\/v2\/users\/59"}],"replies":[{"embeddable":true,"href":"https:\/\/tvsensor.com\/api\/wp\/v2\/comments?post=31390"}],"version-history":[{"count":1,"href":"https:\/\/tvsensor.com\/api\/wp\/v2\/posts\/31390\/revisions"}],"predecessor-version":[{"id":31392,"href":"https:\/\/tvsensor.com\/api\/wp\/v2\/posts\/31390\/revisions\/31392"}],"wp:featuredmedia":[{"embeddable":true,"href":"https:\/\/tvsensor.com\/api\/wp\/v2\/media\/31391"}],"wp:attachment":[{"href":"https:\/\/tvsensor.com\/api\/wp\/v2\/media?parent=31390"}],"wp:term":[{"taxonomy":"category","embeddable":true,"href":"https:\/\/tvsensor.com\/api\/wp\/v2\/categories?post=31390"},{"taxonomy":"post_tag","embeddable":true,"href":"https:\/\/tvsensor.com\/api\/wp\/v2\/tags?post=31390"}],"curies":[{"name":"wp","href":"https:\/\/api.w.org\/{rel}","templated":true}]}}