{"id":31387,"date":"2021-06-18T13:38:43","date_gmt":"2021-06-18T12:38:43","guid":{"rendered":"https:\/\/senzor.ba\/?p=31387"},"modified":"2024-01-15T21:30:52","modified_gmt":"2024-01-15T20:30:52","slug":"511-dani-ajvatovice-vise-od-50-programskih-sadrzaja","status":"publish","type":"post","link":"https:\/\/tvsensor.com\/clanak\/511-dani-ajvatovice-vise-od-50-programskih-sadrzaja\/","title":{"rendered":"511. Dani Ajvatovice: Vi\u0161e od 50 programskih sadr\u017eaja"},"content":{"rendered":"\n<p>Kulturno-vjerska manifestacija &#8220;511. Dani Ajvatovice&#8221; ove godine \u0107e se odr\u017eati od 18. do 29. juna uz bogat programski sadr\u017eaj uprkos pandemiji koronavirusa, a organizatori pozivaju gra\u0111ane na po\u0161tivanje epidemiolo\u0161kih mjera..<\/p>\n\n\n\n<p>Manifestacija \u0107e sve\u010dano biti otvorena u petak, 18. juna, na Musalli u Pruscu, uz prigodan program ilahija, kasida i sevdalinki.<\/p>\n\n\n\n<p>Jedan od nekoliko glavnih doga\u0111aja u okviru Dana Ajvatovice je defile konjanika i bajraktara kroz Donji Vakuf koji \u0107e ove godine biti odr\u017ean 26. juna u subotu, nakon ikindije namaza u 17.30. sati.<\/p>\n\n\n\n<p>Ahmed efendija Adilovi\u0107, muftija travni\u010dki, kazao je u razgovoru za AA da je defile konjanika doga\u0111aj koji svake godine privu\u010de veliki broj ljudi i gostiju.<\/p>\n\n\n\n<p>&#8220;Ve\u0107 nekoliko godina na tom defileu su u\u010destvovali i \u010dlanovi turskog vojnog orkestra Mehter. Me\u0111utim, ove godine zbog pandemije nisu bili u stanju da do\u0111u. Te no\u0107i u Pruscu kod d\u017eamije Hasana Kjafije Pru\u0161\u010daka \u0107e tako\u0111er biti vjerski program i zikr. Potom, 27. juna u nedjelju, kako je ina\u010de i obi\u010daj, bit \u0107e centralna manifestacija kada ujutro rano konjanici idu do platoa Ajvatovice, a za njima idemo mi pje\u0161aci i gore se prolazi kroz stijenu. Nakon toga na samoj livadi i bini \u0107e biti odr\u017ean program. Ove godine \u0107emo imati i specifi\u010dan doga\u0111aj u okviru toga, a to je otvaranje d\u017eamije na platou Ajvatovice. Naime, donator je op\u0107ina Bursa iz Turske. Na\u010delnik op\u0107ine \u0107e biti tu i prisustvovat \u0107e otvaranju d\u017eamije. Klanjat \u0107emo podne namaz i time je zavr\u0161ena ta centralna manifestacija, a nakon toga imamo neke doga\u0111aje jo\u0161 dva dana&#8221;, kazao je Adilovi\u0107.<\/p>\n\n\n\n<ul class=\"wp-block-list\"><li><strong>Planirani brojni sadr\u017eaji <\/strong><\/li><\/ul>\n\n\n\n<p>Od brojnih sadr\u017eaja izdvojio je vjerski program &#8220;Kur\u2019anom mi kazuj&#8221;, na kojem \u0107e u\u010destvovati u\u010da\u0107i iz medresa, a koji \u0107e se odr\u017eati u \u0160arenoj d\u017eamiji u Travniku u subotu, 19. juna, kao i &#8220;Hafisku dovu za pet hafiza&#8221; koja \u0107e se odr\u017eati u atriju El\u010di Ibrahim-pa\u0161ine medrese u \u010detvrtak, 24. juna. U okviru programskih sadr\u017eaja i ove godine javnosti \u0107e biti ponu\u0111en zna\u010dajan broj vjerskih, kulturnih, edukativnih i sportskih sadr\u017eaja.<\/p>\n\n\n\n<p>&#8220;Tako\u0111er imamo posjete humanitarnim organizacijama i udru\u017eenjima za osobe sa posebnim potrebama. Imamo i lijep program koji se organizuje ve\u0107 nekoliko godina, a to je Omladinski kamp na Ajvatovici koji se odr\u017eava u nedjelju, 20. juna, gdje oko 170 mladi\u0107a i djevojaka imaju dru\u017eenja i sportska takmi\u010denja i predavanja. Sadr\u017eaji \u0107e ove godine biti izvedeni na podru\u010dju osam op\u0107ina Muftijstva travni\u010dkog ili Srednjobosanskog kantona&#8221;, kazao je Adilovi\u0107.<\/p>\n\n\n\n<p>Ove godine je planiran i dolazak nekoliko na\u010delnika op\u0107ina iz Republike Turske.<\/p>\n\n\n\n<p>&#8220;Ne\u0107emo imati ove godine vojni orkestar Mehter i bilo kakve horove i grupne posjete izvan zemlje u smislu izvo\u0111a\u010da, ali \u0161to se ti\u010de gostiju, imat \u0107emo nekoliko na\u010delnika op\u0107ina iz Turske, te delegaciju Unije op\u0107ina turskog svijeta (TDBB). Drago nam je da imamo goste i zvanice iz Turske&#8221;, rekao je muftija travni\u010dki.<\/p>\n\n\n\n<ul class=\"wp-block-list\"><li><strong>&#8220;Tradicija, identitet i domovina&#8221; <\/strong><\/li><\/ul>\n\n\n\n<p>Osim toga, ove godine Organizacioni odbor je usvojio i stalni logo i moto za Dane Ajvatovice.<\/p>\n\n\n\n<p>&#8220;Moto je &#8216;Tradicija, identitet i domovina&#8217;. Uz vjeru i kulturu imamo tradiciju, identitet i domovinu kao glavne ta\u010dke oko kojih su svi programski sadr\u017eaji fokusirani, \u0161to mo\u017ee biti i poruka Ajvatovice. Njeguju\u0107i na\u0161u tradiciju, u \u0161to spada vjera, kultura, identitet i domovina, imamo mogu\u0107nost za sretniju i bolju budu\u0107nost, jer ukoliko se budemo dr\u017eali svoje svijetle tradicije, svoje vjere i svoje kulture i identiteta i ukoliko budemo \u010duvali na\u0161u domovinu, onda na\u0161a djeca i generacije koje dolaze imaju nadu u sretniju i bolju budu\u0107nost.&#8221;<\/p>\n\n\n\n<p>Kako je kazao, Ajvatovica je na neki na\u010din potraga za duhovno\u0161\u0107u ali i &#8220;odgovor svima onima koju su poku\u0161ali da zatru na\u0161 identitet i uni\u0161te na\u0161u domovinu Bosnu i Hercegovinu&#8221;.<\/p>\n\n\n\n<p>&#8220;Poznato je da je Ajvatovica bila zabranjena od 1947. do 1990. godine, a ona je jedna od bitnih zna\u010dajki i odrednica na\u0161eg indentiteta. Tako\u0111er znamo da su bili veliki poku\u0161aji da se dr\u017eava Bosna i Hercegovina uni\u0161ti, da nestane, samim tim i najbrojniji narod u njoj, tako da sve to igra ulogu u zna\u010daju Ajvatovice za na\u0161 narod. Zbog toga, narod u velikom broju do\u0111e na Ajvatovicu jer ho\u0107e duhovno da se okrijepi ali i da poka\u017ee svoj identitet, da smo Bo\u0161njaci, da smo muslimani, da smo miroljubivi, da volimo svoju domovinu, da mi nemamo rezervne domovine, da drugima zlo ne mislimo, ali da tra\u017eimo prava kao svi ostali narodi \u0161to imaju&#8221;, poru\u010dio je Adilovi\u0107.<\/p>\n\n\n\n<p>Zbog pandemije koronavirusa programske aktivnosti \u0107e se odr\u017eati u skladu sa postoje\u0107im epidemiolo\u0161kim mjerama.<\/p>\n\n\n\n<p>&#8220;Neke aktivnosti koje zahtijevaju ve\u0107i broj ljudi i bliski kontakt, ove godine ne\u0107emo mo\u0107i organizovati kao \u0161to je ve\u010der sevdaha i smotra folklora. Zbog epidemiolo\u0161kih mjera ove godine imamo ne\u0161to manji broj aktivnosti nego ina\u010de, ali ipak je to zna\u010dajan broj od preko 50 sadr\u017eaja u 11 dana Ajvatovice&#8221;, kazao je muftija koji je tako\u0111er pozvao sve koji \u0107e do\u0107i na Ajvatovicu da se pridr\u017eavaju epidemiolo\u0161kih mjera.<\/p>\n\n\n\n<ul class=\"wp-block-list\"><li><strong>&#8220;Mladi su na\u0161a budu\u0107nost&#8221; <\/strong><\/li><\/ul>\n\n\n\n<p>Na kraju je istakao da je svake godine sve vi\u0161e programskih sadr\u017eaja i aktivnosti koje su posebno usmjerene na mlade ljude.<\/p>\n\n\n\n<p>&#8220;Na\u0161i mladi su na\u0161a budu\u0107nost. Trebamo se fokusirati na njih. Ove godine imamo Omladinski kamp ali i druge aktivnosti za mlade ljude. Omladina je veliki potencijal i ako njima pru\u017eimo priliku da u\u010destvuju ali i osmisle neke aktivnosti onda je u tome hajr i dobro i zato nam je \u017eelja da se mladi \u0161to vi\u0161e uklju\u010duju&#8221;, poru\u010dio je Adilovi\u0107.<\/p>\n\n\n\n<ul class=\"wp-block-list\"><li><strong>Najve\u0107e dovi\u0161te muslimana u Evropi <\/strong><\/li><\/ul>\n\n\n\n<p>Ajvatovica je najve\u0107e dovi\u0161te muslimana u Evropi i jedno od najstarijih u BiH. Duboko je ukorijenjena u identitet Bo\u0161njaka. Smje\u0161tena je u podno\u017eju planine \u0160uljage i udaljena sedam kilometara od starog grada Prusca. Ajvatovica je specifi\u010dnost bosanskih muslimana, jer ima autohtoni karakter.<\/p>\n\n\n\n<p>Ne zna se pouzdano kada je prvi pohod Ajvatovici odr\u017ean, ali se zna da je Ajvatovica dobila ime po Ajvaz-dedi, islamskom u\u010denjaku i dervi\u0161u koji je u 15. vijeku u Bosnu do\u0161ao sa prostora dana\u0161nje Turske. Nakon 1947. godine odr\u017eavanje Ajvatovice bilo je zabranjeno, a tradicija je obnovljena 1990. godine.<\/p>\n\n\n\n<p>Ajvaz dedo, dervi\u0161 i islamski u\u010denjak koji se u 15. stolje\u0107u nastanio na prostoru dana\u0161njeg Prusca, nakon dugotrajne su\u0161e u ovom mjestu, 40 dana i 40 no\u0107i u\u010dio je dovu, mole\u0107i za vodu na stjenovitom predjelu iznad kasabe. Prema predanjima, \u010detrdeseto jutro od dolaska na dovi\u0161te, Ajvaz-dedo je usnio san o sudaru dva ovna. Kada se probudio, stijena je bila razdvojena, a iz nje je potekla voda, koju i danas posjetioci Ajvaz-dedine stijene imaju priliku okusiti. Ajvaz-dedino dovi\u0161te danas je mjesto susreta desetina hiljada muslimana iz BiH, regiona, Evrope i Azije.<\/p>\n","protected":false},"excerpt":{"rendered":"<p>Kulturno-vjerska manifestacija &#8220;511. Dani Ajvatovice&#8221; ove godine \u0107e se odr\u017eati od 18. do 29. juna uz bogat programski sadr\u017eaj uprkos pandemiji koronavirusa, a organizatori pozivaju gra\u0111ane na po\u0161tivanje epidemiolo\u0161kih mjera.. Manifestacija \u0107e sve\u010dano biti otvorena u petak, 18. juna, na Musalli u Pruscu, uz prigodan program ilahija, kasida i sevdalinki. Jedan od nekoliko glavnih doga\u0111aja [&hellip;]<\/p>\n","protected":false},"author":59,"featured_media":31388,"comment_status":"open","ping_status":"closed","sticky":false,"template":"","format":"standard","meta":{"inline_featured_image":false,"footnotes":""},"categories":[46,57],"tags":[],"class_list":{"0":"post-31387","1":"post","2":"type-post","3":"status-publish","4":"format-standard","5":"has-post-thumbnail","7":"category-kultura","8":"category-religija"},"acf":[],"_links":{"self":[{"href":"https:\/\/tvsensor.com\/api\/wp\/v2\/posts\/31387","targetHints":{"allow":["GET"]}}],"collection":[{"href":"https:\/\/tvsensor.com\/api\/wp\/v2\/posts"}],"about":[{"href":"https:\/\/tvsensor.com\/api\/wp\/v2\/types\/post"}],"author":[{"embeddable":true,"href":"https:\/\/tvsensor.com\/api\/wp\/v2\/users\/59"}],"replies":[{"embeddable":true,"href":"https:\/\/tvsensor.com\/api\/wp\/v2\/comments?post=31387"}],"version-history":[{"count":1,"href":"https:\/\/tvsensor.com\/api\/wp\/v2\/posts\/31387\/revisions"}],"predecessor-version":[{"id":31389,"href":"https:\/\/tvsensor.com\/api\/wp\/v2\/posts\/31387\/revisions\/31389"}],"wp:featuredmedia":[{"embeddable":true,"href":"https:\/\/tvsensor.com\/api\/wp\/v2\/media\/31388"}],"wp:attachment":[{"href":"https:\/\/tvsensor.com\/api\/wp\/v2\/media?parent=31387"}],"wp:term":[{"taxonomy":"category","embeddable":true,"href":"https:\/\/tvsensor.com\/api\/wp\/v2\/categories?post=31387"},{"taxonomy":"post_tag","embeddable":true,"href":"https:\/\/tvsensor.com\/api\/wp\/v2\/tags?post=31387"}],"curies":[{"name":"wp","href":"https:\/\/api.w.org\/{rel}","templated":true}]}}