{"id":31371,"date":"2021-06-18T13:28:27","date_gmt":"2021-06-18T12:28:27","guid":{"rendered":"https:\/\/senzor.ba\/?p=31371"},"modified":"2024-01-15T21:30:54","modified_gmt":"2024-01-15T20:30:54","slug":"jajce-uprilicen-prijem-za-najbolje-osnovce-i-srednjoskolce","status":"publish","type":"post","link":"https:\/\/tvsensor.com\/clanak\/jajce-uprilicen-prijem-za-najbolje-osnovce-i-srednjoskolce\/","title":{"rendered":"Jajce: Uprili\u010den prijem za najbolje osnovce i srednjo\u0161kolce"},"content":{"rendered":"\n<p>Na\u010delnik Op\u0107ine Jajce Edin Hozan uprili\u010dio je prijem za najbolje jaja\u010dke osnovce i srednjo\u0161kolce. Prijemu su uz u\u010denike generacije prisustvovali i direktori\/ravnatelji \u010detiri osnovne i dvije srednje \u0161kole i razredne starje\u0161ine najboljih \u0161kolaraca.<\/p>\n\n\n\n<p>Ve\u0107 tradicionalno Op\u0107ina Jajce prire\u0111uju prijem za u\u010denike koji su nosioci posebne diplome \u201cU\u010denik generacije\u201d. Ove \u0161kolske godine Op\u0107ina Jajce nagradila je 4 srednjo\u0161kolca i 15 osnovaca.<\/p>\n\n\n\n<p>\u010cestitke na postignutom uspjehu Na\u010delnik Op\u0107ine Jajce Edin Hozan uputio je u\u010denicima generacije jaja\u010dkih \u0161kola koji su od po\u010detka \u0161kolovanja u svojim knji\u017eicama bilje\u017eili samo petice i naglasio va\u017enost obrazovanja, te pozvao ih da se nakon \u0161kolovanja vrate u svoj grad i budu nosioci razvoja svoje lokalne zajednice. Obra\u0107aju\u0107i se mladim Jaj\u010danima i Jaj\u010dankama, nosiocima posebne diplome \u201cU\u010denik generacije\u201d, izme\u0111u ostalog je naglasio:<\/p>\n\n\n\n<p>\u201e\u010cini mi veliku \u010dast \u010destitati svima vama, va\u0161im nastavnicima, va\u0161im direktorima i posebno va\u0161im roditeljima. Svi smo ponosni na vas. Vjerujem da \u0107ete biti uspje\u0161ni i u nastavku obrazovanja. Na\u0161a je \u017eelja da se vi i\u0161kolujete i budete akademski gra\u0111ani i da se jednog dana, poslije va\u0161eg obrazovanja, vratite ovdje u Jajce i svojim daljim radom i zalaganjem unaprje\u0111ujete ovu na\u0161u zajednicu. Ja sam siguran da \u0107e lokalna zajednica vama u narednom periodu, u mjeri u kojoj je to mogu\u0107e, biti na raspolaganju i biti vam podr\u0161ka. Hvala svima koji su u\u010destvovali u uspjehu i rezultatima ove na\u0161e divne djece, a vama dragi u\u010denici \u017eelim da nastavite nizati svoje uspjehe\u201c istakao je Na\u010delnik Hozan.<\/p>\n\n\n\n<p>Op\u0107ina Jajce je u devet godina ispratila i nagradila za dobre uspjehe 205 u\u010denika generacije me\u0111u kojima 146 osnovca i 59 srednjo\u0161kolaca i s ponosom se mo\u017ee re\u0107i da je malo op\u0107ina u Bosni i Hercegovini koje na ovakav na\u010din nagra\u0111uju znanje.<\/p>\n\n\n\n<p>Uz ru\u017eu za najbolje u\u010denice, Na\u010delnik Hozan uru\u010dio je nov\u010dane poklone, dar Op\u0107ine Jajce, za 19 ovogodi\u0161njih u\u010denika generacije u iznosu od po 200 KM za najbolje osnovce, a za najbolje srednjo\u0161kolce u iznosu od po 500 KM.<\/p>\n\n\n\n<p>Petnaest najboljih osnovaca i \u010detiri najbolja srednjo\u0161kolaca Op\u0107ine Jajce su:<\/p>\n\n\n\n<p>Dalila Muki\u0107, Tarik Kuri\u0107 i Tarik Spahi\u0107 (O\u0160 \u201eBerta Ku\u010dera\u201c), Anja Bakovi\u0107, Karla Jezer\u010di\u0107, Marija Svalina, Marija Jakovljevi\u0107, Ivan Franji\u0107, Klara Crnoja i Katarina Maru\u0161i\u0107 (O\u0160 \u201e13.rujan\u201c), Semira Hrnji\u0107 i Nejra Imamovi\u0107 (O\u0160 \u201eJajce\u201c Kru\u0161\u010dica) i Mihaela Bogi\u0107, Marina Cviti\u0107 i Marija Cviti\u0107 (O\u0160 \u201eBra\u0107a Jezer\u010di\u0107\u201c) u\u010denici su generacije jaja\u010dkih osnovnih \u0161kola \u010diji rezultati su obilje\u017eili generaciju osnovaca u periodu 2012\/2021. godine.<\/p>\n\n\n\n<p>Enes Mecavica, Barbara Ljubez, Ena Buri\u0107 i \u0160ejla Mecavica (Srednja \u0161kola \u201eNikola \u0160op\u201c Jajce) su jaja\u010dki srednjo\u0161kolaci \u010diji rezultati su obilje\u017eili generaciju srednjo\u0161kolaca u periodu 2017\/2021. godine.<\/p>\n\n\n\n<p>Zahvaljuju\u0107i Op\u0107inskom na\u010delniku na uprili\u010denom prijemu, direktor O\u0160 \u201eBerta Ku\u010dera\u201c Fikret \u010can\u010dar \u010destitao je najboljim u\u010denicima, po\u017eelio uspjeh u nastavku \u0161kolovanja. i zahvalio Op\u0107ini Jajce na podr\u0161ci koju pru\u017ea \u0161kolama i u\u010denicima.<\/p>\n\n\n\n<p>\u201e\u010cast je danas biti ovdje. \u010cestitam svima, a posebno roditeljima koji su iznjedrili ove na\u0161e divne dragulje. Bili ste najbolji svih ovih godina, ostanite najbolji i u nastavku \u0161kolovanja. Vi ste primjer da je uz rad i trud uspjeh zagarantovan\u201c istakao je \u010can\u010dar.<\/p>\n\n\n\n<p>Uz iskrene \u010destitke i mnogo sre\u0107e u daljem \u0161kolovanju i izazovima koji su pred ovom mladosti na\u0161eg grada, Op\u0107ina Jajce prati\u0107e ih i u nastavku \u0161kolovanja. Najbolji srednjo\u0161kolci ostvarili su pravo i na op\u0107insku stipendiju, a pred budu\u0107im srednjo\u0161kolcima je novi izazov, nastaviti sa nizanjem petica.<\/p>\n\n\n\n<p>Op\u0107ina Jajce ve\u0107 niz godina provodi nekoliko projekata namijenjenih mladima me\u0111u kojima su stipendije za redovne studente koji studiraju na dr\u017eavnim univerzitetima, potom program prvog radnog iskustva, odnosno jednogodi\u0161njeg pla\u0107enog volonterskog sta\u017ea koji lokalna zajednica omogu\u0107i svima koji se sa fakultetskom diplomom vrate u Jajce. Tako\u0111er, jedan od projekata koji podr\u017eava Op\u0107ina Jajce je i pomo\u0107 mladim bra\u010dnim parovima pri kupovini prve nekretnine na na\u010din subvencioniranja kamata. Ve\u0107 nekoliko godina Op\u0107ina Jajce kroz projekte podr\u0161ke poma\u017ee mladima u pokretanju vlastitog biznisa.<\/p>\n","protected":false},"excerpt":{"rendered":"<p>Na\u010delnik Op\u0107ine Jajce Edin Hozan uprili\u010dio je prijem za najbolje jaja\u010dke osnovce i srednjo\u0161kolce. Prijemu su uz u\u010denike generacije prisustvovali i direktori\/ravnatelji \u010detiri osnovne i dvije srednje \u0161kole i razredne starje\u0161ine najboljih \u0161kolaraca. Ve\u0107 tradicionalno Op\u0107ina Jajce prire\u0111uju prijem za u\u010denike koji su nosioci posebne diplome \u201cU\u010denik generacije\u201d. Ove \u0161kolske godine Op\u0107ina Jajce nagradila je [&hellip;]<\/p>\n","protected":false},"author":59,"featured_media":31381,"comment_status":"open","ping_status":"closed","sticky":false,"template":"","format":"gallery","meta":{"inline_featured_image":false,"footnotes":""},"categories":[52],"tags":[],"class_list":{"0":"post-31371","1":"post","2":"type-post","3":"status-publish","4":"format-gallery","5":"has-post-thumbnail","7":"category-obrazovanje","8":"post_format-post-format-gallery"},"acf":[],"_links":{"self":[{"href":"https:\/\/tvsensor.com\/api\/wp\/v2\/posts\/31371","targetHints":{"allow":["GET"]}}],"collection":[{"href":"https:\/\/tvsensor.com\/api\/wp\/v2\/posts"}],"about":[{"href":"https:\/\/tvsensor.com\/api\/wp\/v2\/types\/post"}],"author":[{"embeddable":true,"href":"https:\/\/tvsensor.com\/api\/wp\/v2\/users\/59"}],"replies":[{"embeddable":true,"href":"https:\/\/tvsensor.com\/api\/wp\/v2\/comments?post=31371"}],"version-history":[{"count":2,"href":"https:\/\/tvsensor.com\/api\/wp\/v2\/posts\/31371\/revisions"}],"predecessor-version":[{"id":31383,"href":"https:\/\/tvsensor.com\/api\/wp\/v2\/posts\/31371\/revisions\/31383"}],"wp:featuredmedia":[{"embeddable":true,"href":"https:\/\/tvsensor.com\/api\/wp\/v2\/media\/31381"}],"wp:attachment":[{"href":"https:\/\/tvsensor.com\/api\/wp\/v2\/media?parent=31371"}],"wp:term":[{"taxonomy":"category","embeddable":true,"href":"https:\/\/tvsensor.com\/api\/wp\/v2\/categories?post=31371"},{"taxonomy":"post_tag","embeddable":true,"href":"https:\/\/tvsensor.com\/api\/wp\/v2\/tags?post=31371"}],"curies":[{"name":"wp","href":"https:\/\/api.w.org\/{rel}","templated":true}]}}