{"id":30812,"date":"2021-06-09T09:47:06","date_gmt":"2021-06-09T08:47:06","guid":{"rendered":"https:\/\/senzor.ba\/?p=30812"},"modified":"2024-01-15T21:32:43","modified_gmt":"2024-01-15T20:32:43","slug":"krvnik-cmizdrio-saznao-da-ce-umrijeti-iza-resetaka","status":"publish","type":"post","link":"https:\/\/tvsensor.com\/clanak\/krvnik-cmizdrio-saznao-da-ce-umrijeti-iza-resetaka\/","title":{"rendered":"Krvnik cmizdrio kad je saznao da \u0107e umrijeti iza re\u0161etaka"},"content":{"rendered":"\n<p>Ratni zlo\u010dinac Ratko Mladi\u0107 zaplakao je u sudnici nakon \u0161to je \u010duo da ga je \u017dalbeno vije\u0107e osudilo na do\u017eivotnu kaznu zatvora.<\/p>\n\n\n\n<p>&#8211; Biv\u0161i \u0161ef vojske bosanskih Srba Ratko Mladi\u0107 rasplakao se dok je sjedio u lo\u017ei optu\u017eenog tokom dono\u0161enja kona\u010dne presude po \u017ealbi na njegovu osu\u0111uju\u0107u presudu za genocid zbog masakra u Srebrenici 1995. godine &#8211; prenio je novinar AFP-a.<\/p>\n\n\n\n<figure class=\"wp-block-image size-large\"><img loading=\"lazy\" decoding=\"async\" width=\"738\" height=\"415\" src=\"https:\/\/tvsensor.com\/wp-content\/uploads\/2021\/06\/873x400-1-1.jpg\" alt=\"\" class=\"wp-image-30813\" srcset=\"https:\/\/tvsensor.com\/wp-content\/uploads\/2021\/06\/873x400-1-1.jpg 738w, https:\/\/tvsensor.com\/wp-content\/uploads\/2021\/06\/873x400-1-1-150x84.jpg 150w, https:\/\/tvsensor.com\/wp-content\/uploads\/2021\/06\/873x400-1-1-300x169.jpg 300w, https:\/\/tvsensor.com\/wp-content\/uploads\/2021\/06\/873x400-1-1-696x391.jpg 696w\" sizes=\"auto, (max-width: 738px) 100vw, 738px\" \/><\/figure>\n\n\n\n<p>Ratni zlo\u010dinac Ratko Mladi\u0107 osu\u0111en je danas na do\u017eivotnu robiju. Njemu je u Hagu izre\u010dena pravosna\u017ena presuda. \u010citanje presude trajalo je otprilike sat vremena.<\/p>\n\n\n\n<p>\u017dalbeno vije\u0107e odbacilo je sve \u017ealbe koje je uputila Mladi\u0107eva odbrana.<\/p>\n\n\n\n<p>Zlo\u010dinac Mladi\u0107 je 22. novembra 2017. progla\u0161en krivim za deset od 11 ta\u010daka optu\u017enice.<\/p>\n","protected":false},"excerpt":{"rendered":"<p>Ratni zlo\u010dinac Ratko Mladi\u0107 zaplakao je u sudnici nakon \u0161to je \u010duo da ga je \u017dalbeno vije\u0107e osudilo na do\u017eivotnu kaznu zatvora. &#8211; Biv\u0161i \u0161ef vojske bosanskih Srba Ratko Mladi\u0107 rasplakao se dok je sjedio u lo\u017ei optu\u017eenog tokom dono\u0161enja kona\u010dne presude po \u017ealbi na njegovu osu\u0111uju\u0107u presudu za genocid zbog masakra u Srebrenici 1995. [&hellip;]<\/p>\n","protected":false},"author":59,"featured_media":30814,"comment_status":"open","ping_status":"closed","sticky":false,"template":"","format":"standard","meta":{"inline_featured_image":false,"footnotes":""},"categories":[37],"tags":[],"class_list":{"0":"post-30812","1":"post","2":"type-post","3":"status-publish","4":"format-standard","5":"has-post-thumbnail","7":"category-vijesti"},"acf":[],"_links":{"self":[{"href":"https:\/\/tvsensor.com\/api\/wp\/v2\/posts\/30812","targetHints":{"allow":["GET"]}}],"collection":[{"href":"https:\/\/tvsensor.com\/api\/wp\/v2\/posts"}],"about":[{"href":"https:\/\/tvsensor.com\/api\/wp\/v2\/types\/post"}],"author":[{"embeddable":true,"href":"https:\/\/tvsensor.com\/api\/wp\/v2\/users\/59"}],"replies":[{"embeddable":true,"href":"https:\/\/tvsensor.com\/api\/wp\/v2\/comments?post=30812"}],"version-history":[{"count":2,"href":"https:\/\/tvsensor.com\/api\/wp\/v2\/posts\/30812\/revisions"}],"predecessor-version":[{"id":30816,"href":"https:\/\/tvsensor.com\/api\/wp\/v2\/posts\/30812\/revisions\/30816"}],"wp:featuredmedia":[{"embeddable":true,"href":"https:\/\/tvsensor.com\/api\/wp\/v2\/media\/30814"}],"wp:attachment":[{"href":"https:\/\/tvsensor.com\/api\/wp\/v2\/media?parent=30812"}],"wp:term":[{"taxonomy":"category","embeddable":true,"href":"https:\/\/tvsensor.com\/api\/wp\/v2\/categories?post=30812"},{"taxonomy":"post_tag","embeddable":true,"href":"https:\/\/tvsensor.com\/api\/wp\/v2\/tags?post=30812"}],"curies":[{"name":"wp","href":"https:\/\/api.w.org\/{rel}","templated":true}]}}