{"id":30803,"date":"2021-06-09T09:43:25","date_gmt":"2021-06-09T08:43:25","guid":{"rendered":"https:\/\/senzor.ba\/?p=30803"},"modified":"2024-01-15T21:32:44","modified_gmt":"2024-01-15T20:32:44","slug":"sramotno-i-nebulozno-izvjestavanje-srbijanskih-tabloida-haski-sud-nije-imao-milosti","status":"publish","type":"post","link":"https:\/\/tvsensor.com\/clanak\/sramotno-i-nebulozno-izvjestavanje-srbijanskih-tabloida-haski-sud-nije-imao-milosti\/","title":{"rendered":"Sramotno i nebulozno izvje\u0161tavanje srbijanskih tabloida: Ha\u0161ki sud nije imao milosti"},"content":{"rendered":"\n<p>Nakon \u0161to je izre\u010dena kona\u010dna presuda do\u017eivotnog zatvora Ratku Mladi\u0107u, koji je pravosna\u017eno progla\u0161en krivim za genocid i najstra\u0161nije ratne zlo\u010dine koji su se dogodili na tlu Evrope nakon Drugog svjetskog rata, brojni srbijanski tabloidi jutros su mu pru\u017eili podr\u0161ku i po\u010dast.<\/p>\n\n\n\n<p>Tabloid Kurir je presudu ozna\u010dio kao &#8220;osudu bosanskim Srbima&#8221;, a prenose i izjavu Milorada Dodika, \u010dlana Predsjedni\u0161tva BiH, nakon izricanja presude koji je nazvao je Mladi\u0107a &#8220;herojem i domoljubom&#8221;, koji je &#8220;sprije\u010dio genocid nad srpskim narodom u BiH i Hrvatskoj&#8221; te da to &#8220;ne predstavlja iznena\u0111enje jer je general bio unaprijed osu\u0111en&#8221;.<\/p>\n\n\n\n<p>Specifi\u010dan naslov Kurira je &#8220;Nemojte da nam dirate \u017eivu ranu&#8221;.<\/p>\n\n\n\n<p>Na naslovnici novina Alo pi\u0161e se o Mladi\u0107evom prstenu, dok Politika preko naslovnice obavje\u0161tava \u010ditatelje da zlo\u010dinac ostaje do\u017eivotno u zatvoru, kao i Danas, Dnevnik i Blic.<\/p>\n\n\n\n<p>Nebulozno je i izvje\u0161tavanje Srpskog Telegrafa koji pi\u0161e da je Mladi\u0107 preko prstena poslao tajnu poruku Amerikancima.<\/p>\n\n\n\n<p>Jo\u0161 jedan od naslova koji dominira je i &#8220;Haa\u0161ki sud nije imao milosti prema generalu&#8221; na naslovnoj Informera.<\/p>\n","protected":false},"excerpt":{"rendered":"<p>Nakon \u0161to je izre\u010dena kona\u010dna presuda do\u017eivotnog zatvora Ratku Mladi\u0107u, koji je pravosna\u017eno progla\u0161en krivim za genocid i najstra\u0161nije ratne zlo\u010dine koji su se dogodili na tlu Evrope nakon Drugog svjetskog rata, brojni srbijanski tabloidi jutros su mu pru\u017eili podr\u0161ku i po\u010dast. Tabloid Kurir je presudu ozna\u010dio kao &#8220;osudu bosanskim Srbima&#8221;, a prenose i izjavu [&hellip;]<\/p>\n","protected":false},"author":59,"featured_media":30809,"comment_status":"open","ping_status":"closed","sticky":false,"template":"","format":"gallery","meta":{"inline_featured_image":false,"footnotes":""},"categories":[40],"tags":[],"class_list":{"0":"post-30803","1":"post","2":"type-post","3":"status-publish","4":"format-gallery","5":"has-post-thumbnail","7":"category-region","8":"post_format-post-format-gallery"},"acf":[],"_links":{"self":[{"href":"https:\/\/tvsensor.com\/api\/wp\/v2\/posts\/30803","targetHints":{"allow":["GET"]}}],"collection":[{"href":"https:\/\/tvsensor.com\/api\/wp\/v2\/posts"}],"about":[{"href":"https:\/\/tvsensor.com\/api\/wp\/v2\/types\/post"}],"author":[{"embeddable":true,"href":"https:\/\/tvsensor.com\/api\/wp\/v2\/users\/59"}],"replies":[{"embeddable":true,"href":"https:\/\/tvsensor.com\/api\/wp\/v2\/comments?post=30803"}],"version-history":[{"count":2,"href":"https:\/\/tvsensor.com\/api\/wp\/v2\/posts\/30803\/revisions"}],"predecessor-version":[{"id":30811,"href":"https:\/\/tvsensor.com\/api\/wp\/v2\/posts\/30803\/revisions\/30811"}],"wp:featuredmedia":[{"embeddable":true,"href":"https:\/\/tvsensor.com\/api\/wp\/v2\/media\/30809"}],"wp:attachment":[{"href":"https:\/\/tvsensor.com\/api\/wp\/v2\/media?parent=30803"}],"wp:term":[{"taxonomy":"category","embeddable":true,"href":"https:\/\/tvsensor.com\/api\/wp\/v2\/categories?post=30803"},{"taxonomy":"post_tag","embeddable":true,"href":"https:\/\/tvsensor.com\/api\/wp\/v2\/tags?post=30803"}],"curies":[{"name":"wp","href":"https:\/\/api.w.org\/{rel}","templated":true}]}}