{"id":30800,"date":"2021-06-09T09:38:57","date_gmt":"2021-06-09T08:38:57","guid":{"rendered":"https:\/\/senzor.ba\/?p=30800"},"modified":"2024-01-15T21:32:45","modified_gmt":"2024-01-15T20:32:45","slug":"trobojka-s-mladicevim-likom-i-natpisom-heroj-osvanula-na-zidinama-u-trebinju","status":"publish","type":"post","link":"https:\/\/tvsensor.com\/clanak\/trobojka-s-mladicevim-likom-i-natpisom-heroj-osvanula-na-zidinama-u-trebinju\/","title":{"rendered":"Trobojka s Mladi\u0107evim likom i natpisom &#8220;Heroj&#8221; osvanula na zidinama u Trebinju"},"content":{"rendered":"\n<p>Strasti u BiH se ne smiruju ni dan nakon izricanja presude ratnom zlo\u010dincu Ratku Mladi\u0107u.<\/p>\n\n\n\n<p>Na zidinama Starog grada u Trebinju istaknuta je trobojka sa Mladi\u0107evim likom, a na kojoj pi\u0161e &#8220;Heroj&#8221;.<\/p>\n\n\n\n<p>Mladi\u0107u je ju\u010der \u017dalbeno vije\u0107e Mehanizma za krivi\u010dne sudove u Hagu izreklo pravosna\u017enu presudu kojom je osu\u0111en na kaznu do\u017eivotnog zatvora.<\/p>\n\n\n\n<figure class=\"wp-block-embed is-type-rich is-provider-twitter wp-block-embed-twitter\"><div class=\"wp-block-embed__wrapper\">\n<blockquote class=\"twitter-tweet\" data-width=\"550\" data-dnt=\"true\"><p lang=\"und\" dir=\"ltr\">Dobri ljudi jutros: Ovo nije presuda jednom narodu. Ovo je presuda jednom zlo\u010dincu, njegovoj ideji i sljedbenicima. <br>Jedan narod jutros u Trebinju: <a href=\"https:\/\/t.co\/WFKeUbEqij\">pic.twitter.com\/WFKeUbEqij<\/a><\/p>&mdash; Dragan Bursa\u0107 (@dijalekticar) <a href=\"https:\/\/twitter.com\/dijalekticar\/status\/1402510501637201921?ref_src=twsrc%5Etfw\">June 9, 2021<\/a><\/blockquote><script async src=\"https:\/\/platform.twitter.com\/widgets.js\" charset=\"utf-8\"><\/script>\n<\/div><\/figure>\n\n\n\n<p>O fotografiji je u statusu na Facebooku svoje mi\u0161ljenje dao i kolumnista Dragan Bursa\u0107:<\/p>\n\n\n\n<p>-Dobri ljudi jutros: Ovo nije presuda jednom narodu. Ovo je presuda jednom zlo\u010dincu, njegovoj ideji i sljedbenicima. Jedan narod jutros u Trebinju.<\/p>\n","protected":false},"excerpt":{"rendered":"<p>Strasti u BiH se ne smiruju ni dan nakon izricanja presude ratnom zlo\u010dincu Ratku Mladi\u0107u. Na zidinama Starog grada u Trebinju istaknuta je trobojka sa Mladi\u0107evim likom, a na kojoj pi\u0161e &#8220;Heroj&#8221;. Mladi\u0107u je ju\u010der \u017dalbeno vije\u0107e Mehanizma za krivi\u010dne sudove u Hagu izreklo pravosna\u017enu presudu kojom je osu\u0111en na kaznu do\u017eivotnog zatvora. O fotografiji [&hellip;]<\/p>\n","protected":false},"author":59,"featured_media":30801,"comment_status":"open","ping_status":"closed","sticky":false,"template":"","format":"standard","meta":{"inline_featured_image":false,"footnotes":""},"categories":[43],"tags":[],"class_list":{"0":"post-30800","1":"post","2":"type-post","3":"status-publish","4":"format-standard","5":"has-post-thumbnail","7":"category-bih"},"acf":[],"_links":{"self":[{"href":"https:\/\/tvsensor.com\/api\/wp\/v2\/posts\/30800","targetHints":{"allow":["GET"]}}],"collection":[{"href":"https:\/\/tvsensor.com\/api\/wp\/v2\/posts"}],"about":[{"href":"https:\/\/tvsensor.com\/api\/wp\/v2\/types\/post"}],"author":[{"embeddable":true,"href":"https:\/\/tvsensor.com\/api\/wp\/v2\/users\/59"}],"replies":[{"embeddable":true,"href":"https:\/\/tvsensor.com\/api\/wp\/v2\/comments?post=30800"}],"version-history":[{"count":1,"href":"https:\/\/tvsensor.com\/api\/wp\/v2\/posts\/30800\/revisions"}],"predecessor-version":[{"id":30802,"href":"https:\/\/tvsensor.com\/api\/wp\/v2\/posts\/30800\/revisions\/30802"}],"wp:featuredmedia":[{"embeddable":true,"href":"https:\/\/tvsensor.com\/api\/wp\/v2\/media\/30801"}],"wp:attachment":[{"href":"https:\/\/tvsensor.com\/api\/wp\/v2\/media?parent=30800"}],"wp:term":[{"taxonomy":"category","embeddable":true,"href":"https:\/\/tvsensor.com\/api\/wp\/v2\/categories?post=30800"},{"taxonomy":"post_tag","embeddable":true,"href":"https:\/\/tvsensor.com\/api\/wp\/v2\/tags?post=30800"}],"curies":[{"name":"wp","href":"https:\/\/api.w.org\/{rel}","templated":true}]}}