{"id":30797,"date":"2021-06-09T09:35:30","date_gmt":"2021-06-09T08:35:30","guid":{"rendered":"https:\/\/senzor.ba\/?p=30797"},"modified":"2024-01-15T21:32:46","modified_gmt":"2024-01-15T20:32:46","slug":"komsic-dodik-je-razbojnik-poput-mladica","status":"publish","type":"post","link":"https:\/\/tvsensor.com\/clanak\/komsic-dodik-je-razbojnik-poput-mladica\/","title":{"rendered":"Kom\u0161i\u0107: Dodik je razbojnik poput Mladi\u0107a"},"content":{"rendered":"\n<p>\u010clan Predsjedni\u0161tva Bosne i Hercegovine \u017deljko Kom\u0161i\u0107 komentirao je poku\u0161aj Milorada Dodika da sprije\u010di govor ambasadora Svena Alkalaja pred Vije\u0107em sigurnosti UN-a.<\/p>\n\n\n\n<p>Dodik je, podsje\u0107amo, poku\u0161ao sprije\u010diti Alkalajev govor, kazav\u0161i da se mani bh. entitet tome protivi, jer bi to, navodno, moglo dovesti do velikih organizacionih problema na sino\u0107njoj sjednici.<\/p>\n\n\n\n<p>\u2013 Srpski narod, Republiku srpsku i Srbiju \u0107e ve\u010deras predstavljati Vu\u010di\u0107, a ne Alkalaj, kazao je Dodik za RTS.<\/p>\n\n\n\n<p>Nakon toga oglasio se i \u010dlan Predsjedni\u0161tva Bosne i Hercegovine \u017deljko Kom\u0161i\u0107.<\/p>\n\n\n\n<p>\u201cDodik je razbojnik poput Mladi\u0107a. Taj istovremeno ne priznaje presude suda Ujedinjenih nacija i pi\u0161e Vije\u0107u sigurnosti UN-a s ciljem da sprije\u010di obra\u0107anje ambasadora BiH na sjednici Vije\u0107a sigurnosti\u201d, poru\u010dio je Kom\u0161i\u0107 na dru\u0161tvenim mre\u017eama.<\/p>\n","protected":false},"excerpt":{"rendered":"<p>\u010clan Predsjedni\u0161tva Bosne i Hercegovine \u017deljko Kom\u0161i\u0107 komentirao je poku\u0161aj Milorada Dodika da sprije\u010di govor ambasadora Svena Alkalaja pred Vije\u0107em sigurnosti UN-a. Dodik je, podsje\u0107amo, poku\u0161ao sprije\u010diti Alkalajev govor, kazav\u0161i da se mani bh. entitet tome protivi, jer bi to, navodno, moglo dovesti do velikih organizacionih problema na sino\u0107njoj sjednici. \u2013 Srpski narod, Republiku srpsku [&hellip;]<\/p>\n","protected":false},"author":59,"featured_media":30798,"comment_status":"open","ping_status":"closed","sticky":false,"template":"","format":"standard","meta":{"inline_featured_image":false,"footnotes":""},"categories":[37],"tags":[],"class_list":{"0":"post-30797","1":"post","2":"type-post","3":"status-publish","4":"format-standard","5":"has-post-thumbnail","7":"category-vijesti"},"acf":[],"_links":{"self":[{"href":"https:\/\/tvsensor.com\/api\/wp\/v2\/posts\/30797","targetHints":{"allow":["GET"]}}],"collection":[{"href":"https:\/\/tvsensor.com\/api\/wp\/v2\/posts"}],"about":[{"href":"https:\/\/tvsensor.com\/api\/wp\/v2\/types\/post"}],"author":[{"embeddable":true,"href":"https:\/\/tvsensor.com\/api\/wp\/v2\/users\/59"}],"replies":[{"embeddable":true,"href":"https:\/\/tvsensor.com\/api\/wp\/v2\/comments?post=30797"}],"version-history":[{"count":1,"href":"https:\/\/tvsensor.com\/api\/wp\/v2\/posts\/30797\/revisions"}],"predecessor-version":[{"id":30799,"href":"https:\/\/tvsensor.com\/api\/wp\/v2\/posts\/30797\/revisions\/30799"}],"wp:featuredmedia":[{"embeddable":true,"href":"https:\/\/tvsensor.com\/api\/wp\/v2\/media\/30798"}],"wp:attachment":[{"href":"https:\/\/tvsensor.com\/api\/wp\/v2\/media?parent=30797"}],"wp:term":[{"taxonomy":"category","embeddable":true,"href":"https:\/\/tvsensor.com\/api\/wp\/v2\/categories?post=30797"},{"taxonomy":"post_tag","embeddable":true,"href":"https:\/\/tvsensor.com\/api\/wp\/v2\/tags?post=30797"}],"curies":[{"name":"wp","href":"https:\/\/api.w.org\/{rel}","templated":true}]}}