{"id":30794,"date":"2021-06-09T09:31:07","date_gmt":"2021-06-09T08:31:07","guid":{"rendered":"https:\/\/senzor.ba\/?p=30794"},"modified":"2024-01-15T21:32:46","modified_gmt":"2024-01-15T20:32:46","slug":"jordanski-kralj-abdullah-ii-pruzat-cemo-svaki-oblik-podrske-palestincima","status":"publish","type":"post","link":"https:\/\/tvsensor.com\/clanak\/jordanski-kralj-abdullah-ii-pruzat-cemo-svaki-oblik-podrske-palestincima\/","title":{"rendered":"Jordanski kralj Abdullah II: Pru\u017eat \u0107emo svaki oblik podr\u0161ke Palestincima"},"content":{"rendered":"\n<p>Jordanski kralj Abdulah II izjavio je da je protiv njegove zemlje postojala zavjera u vezi s palestinskom borbom, ali da su je uspjeli prevladati.<\/p>\n\n\n\n<p>U saop\u0107enju kraljevskog Diwana, glavnog izvr\u0161nog ureda kralja, navodi se da je Abdullah II istakao da je stav Jordana prema Palestini jasan i nepromijenjen i da \u0107e i dalje pru\u017eati svaki oblik podr\u0161ke koja je potrebna Palestincima.<\/p>\n\n\n\n<p>Dodao je da se nastavljaju pregovori sa savezni\u010dkim dr\u017eavama, kao i Sjedinjenim Ameri\u010dkim Dr\u017eavama (SAD) i evropskim zemljama, kako bi se pomoglo Palestini da postigne sveobuhvatno i pravedno rje\u0161enje.<\/p>\n\n\n\n<p>Jordan je predvodio i u\u010destvovao u raspravama \u010diji cilj je omogu\u0107iti uvjete za okon\u010danje vi\u0161edecenijske izraelske okupacije palestinskih teritorija.<\/p>\n","protected":false},"excerpt":{"rendered":"<p>Jordanski kralj Abdulah II izjavio je da je protiv njegove zemlje postojala zavjera u vezi s palestinskom borbom, ali da su je uspjeli prevladati. U saop\u0107enju kraljevskog Diwana, glavnog izvr\u0161nog ureda kralja, navodi se da je Abdullah II istakao da je stav Jordana prema Palestini jasan i nepromijenjen i da \u0107e i dalje pru\u017eati svaki [&hellip;]<\/p>\n","protected":false},"author":59,"featured_media":30795,"comment_status":"open","ping_status":"closed","sticky":false,"template":"","format":"standard","meta":{"inline_featured_image":false,"footnotes":""},"categories":[38],"tags":[],"class_list":{"0":"post-30794","1":"post","2":"type-post","3":"status-publish","4":"format-standard","5":"has-post-thumbnail","7":"category-vijesti-iz-bih"},"acf":[],"_links":{"self":[{"href":"https:\/\/tvsensor.com\/api\/wp\/v2\/posts\/30794","targetHints":{"allow":["GET"]}}],"collection":[{"href":"https:\/\/tvsensor.com\/api\/wp\/v2\/posts"}],"about":[{"href":"https:\/\/tvsensor.com\/api\/wp\/v2\/types\/post"}],"author":[{"embeddable":true,"href":"https:\/\/tvsensor.com\/api\/wp\/v2\/users\/59"}],"replies":[{"embeddable":true,"href":"https:\/\/tvsensor.com\/api\/wp\/v2\/comments?post=30794"}],"version-history":[{"count":1,"href":"https:\/\/tvsensor.com\/api\/wp\/v2\/posts\/30794\/revisions"}],"predecessor-version":[{"id":30796,"href":"https:\/\/tvsensor.com\/api\/wp\/v2\/posts\/30794\/revisions\/30796"}],"wp:featuredmedia":[{"embeddable":true,"href":"https:\/\/tvsensor.com\/api\/wp\/v2\/media\/30795"}],"wp:attachment":[{"href":"https:\/\/tvsensor.com\/api\/wp\/v2\/media?parent=30794"}],"wp:term":[{"taxonomy":"category","embeddable":true,"href":"https:\/\/tvsensor.com\/api\/wp\/v2\/categories?post=30794"},{"taxonomy":"post_tag","embeddable":true,"href":"https:\/\/tvsensor.com\/api\/wp\/v2\/tags?post=30794"}],"curies":[{"name":"wp","href":"https:\/\/api.w.org\/{rel}","templated":true}]}}