{"id":30787,"date":"2021-06-09T09:26:30","date_gmt":"2021-06-09T08:26:30","guid":{"rendered":"https:\/\/senzor.ba\/?p=30787"},"modified":"2024-01-15T21:32:48","modified_gmt":"2024-01-15T20:32:48","slug":"pocast-nevinim-zrtvama-vijecnica-osvijetljena-cvijetom-srebrenice","status":"publish","type":"post","link":"https:\/\/tvsensor.com\/clanak\/pocast-nevinim-zrtvama-vijecnica-osvijetljena-cvijetom-srebrenice\/","title":{"rendered":"Po\u010dast nevinim \u017ertvama: Vije\u0107nica osvijetljena Cvijetom Srebrenice"},"content":{"rendered":"\n<p>Povodom ju\u010dera\u0161njeg izricanja kona\u010dne presude ratnom zlo\u010dincu Ratku Mladi\u0107u, sarajevska Vije\u0107nica sino\u0107 je simboli\u010dno osvijetljena Cvijetom Srebrenice.<\/p>\n\n\n\n<p>Gradona\u010delnica Sarajeva Benjamina Kari\u0107 podsjetila je da je ju\u010der iz Vije\u0107nice javno pra\u0107eno izricanje drugostepene presude Ratku Mladi\u0107u pred Me\u0111unarodnim rezidualnim mehanizmom za krivi\u010dne sudove u Haagu.<\/p>\n\n\n\n<p>&#8220;Vije\u0107nica ve\u010deras, \u010dini se vi\u0161e nego ikad, svijetli dostojanstvom. S vjerom u pravdu i perspektivniju budu\u0107nost nas i na\u0161e djece, cvijetom &#8216;Sje\u0107anje&#8217;, simbolom genocida u Srebrenici, odajemo po\u010dast nevinim \u017ertvama&#8221;, napisala je Kari\u0107.<\/p>\n\n\n\n<p>Ratko Mladi\u0107, biv\u0161i komandant Glavnog \u0161taba tzv. vojske rs, ju\u010der je pravosna\u017eno osu\u0111en na do\u017eivotnu kaznu zatvora zbog genocida u Srebrenici i drugih zlo\u010dina u Bosni i Hercegovini.<\/p>\n","protected":false},"excerpt":{"rendered":"<p>Povodom ju\u010dera\u0161njeg izricanja kona\u010dne presude ratnom zlo\u010dincu Ratku Mladi\u0107u, sarajevska Vije\u0107nica sino\u0107 je simboli\u010dno osvijetljena Cvijetom Srebrenice. Gradona\u010delnica Sarajeva Benjamina Kari\u0107 podsjetila je da je ju\u010der iz Vije\u0107nice javno pra\u0107eno izricanje drugostepene presude Ratku Mladi\u0107u pred Me\u0111unarodnim rezidualnim mehanizmom za krivi\u010dne sudove u Haagu. &#8220;Vije\u0107nica ve\u010deras, \u010dini se vi\u0161e nego ikad, svijetli dostojanstvom. S vjerom [&hellip;]<\/p>\n","protected":false},"author":59,"featured_media":30789,"comment_status":"open","ping_status":"closed","sticky":false,"template":"","format":"standard","meta":{"inline_featured_image":false,"footnotes":""},"categories":[238],"tags":[],"class_list":{"0":"post-30787","1":"post","2":"type-post","3":"status-publish","4":"format-standard","5":"has-post-thumbnail","7":"category-slika-dana"},"acf":[],"_links":{"self":[{"href":"https:\/\/tvsensor.com\/api\/wp\/v2\/posts\/30787","targetHints":{"allow":["GET"]}}],"collection":[{"href":"https:\/\/tvsensor.com\/api\/wp\/v2\/posts"}],"about":[{"href":"https:\/\/tvsensor.com\/api\/wp\/v2\/types\/post"}],"author":[{"embeddable":true,"href":"https:\/\/tvsensor.com\/api\/wp\/v2\/users\/59"}],"replies":[{"embeddable":true,"href":"https:\/\/tvsensor.com\/api\/wp\/v2\/comments?post=30787"}],"version-history":[{"count":1,"href":"https:\/\/tvsensor.com\/api\/wp\/v2\/posts\/30787\/revisions"}],"predecessor-version":[{"id":30790,"href":"https:\/\/tvsensor.com\/api\/wp\/v2\/posts\/30787\/revisions\/30790"}],"wp:featuredmedia":[{"embeddable":true,"href":"https:\/\/tvsensor.com\/api\/wp\/v2\/media\/30789"}],"wp:attachment":[{"href":"https:\/\/tvsensor.com\/api\/wp\/v2\/media?parent=30787"}],"wp:term":[{"taxonomy":"category","embeddable":true,"href":"https:\/\/tvsensor.com\/api\/wp\/v2\/categories?post=30787"},{"taxonomy":"post_tag","embeddable":true,"href":"https:\/\/tvsensor.com\/api\/wp\/v2\/tags?post=30787"}],"curies":[{"name":"wp","href":"https:\/\/api.w.org\/{rel}","templated":true}]}}