{"id":30776,"date":"2021-06-08T20:57:48","date_gmt":"2021-06-08T19:57:48","guid":{"rendered":"https:\/\/senzor.ba\/?p=30776"},"modified":"2024-01-15T21:32:50","modified_gmt":"2024-01-15T20:32:50","slug":"udruzenje-zene-srebrenice-neka-mladic-zivi-u-patnji","status":"publish","type":"post","link":"https:\/\/tvsensor.com\/clanak\/udruzenje-zene-srebrenice-neka-mladic-zivi-u-patnji\/","title":{"rendered":"Udru\u017eenje \u201c\u017dene Srebrenice\u201d: Neka Mladi\u0107 \u017eivi u patnji"},"content":{"rendered":"\n<p>U Udru\u017eenje \u201c\u017dene Srebrenice\u201d sa sjedi\u0161tem u Tuzli pratilo se izricanje kona\u010dne presude Ratku Mladi\u0107u, komandantu tzv. vojske republike srpke, koga je danas \u017dalbeno vije\u0107e Me\u0111unarodnog rezidualnog mehanizma za krivi\u010dne sudove osudilo na do\u017eivotnu kaznu zatvora, \u010dime je potvr\u0111ena prvostepena presuda od 22. novembra 2017. godine.<\/p>\n\n\n\n<p>Time je Mladi\u0107 pravosna\u017eno osu\u0111en za genocid u Srebrenici 1995. godine, zlo\u010dine protiv \u010dovje\u010dnosti u 15 bh. op\u0161tina, progon, istrebljivanje, ubistva, deportaciju, nehumana djela, terorisanje, protivpravne napade na civile i uzimanje talaca.<\/p>\n\n\n\n<p>\u201cNajbolje bi bilo da ima smrtna kazna, a po\u0161to nema mo\u017eda je ovo i bolje, ko zna koliko \u0107e \u017eivjeti, nek se pati i \u017eivi jo\u0161 20 godina, ali neka \u017eivi u patnji\u201d, kazala je kratko Vasvija Kadi\u0107.<\/p>\n\n\n\n<p>Ona je zajedno sa jo\u0161 dvije majke Srebrenice u Tuzli pratila izricanje presude nakon \u010dega su tu\u017ene napustile sjedi\u0161te Udru\u017eenja \u201c\u017dene Srebrenice\u201d.<\/p>\n\n\n\n<p>\u201cPravda je nama zadovoljena. Nama je ipak drago, a nama na\u0161e niko ne mo\u017ee vratiti\u201d, kazala je Naza Hasanovi\u0107.<\/p>\n\n\n\n<p>Hajra \u0106ati\u0107, predsjednica Udru\u017eenja \u201c\u017dene Srebrenice\u201d, koja traga za sinom Nihadom, zbog pogor\u0161anog zdravstvenog stanja ve\u0107 mjesecima ne izlazi ni na proteste svakog 11. u mjesecu dok je njena zamjenica Nura Begovi\u0107 oti\u0161la u Haag.<\/p>\n\n\n\n<p>\u010clanice Udru\u017eenja \u201c\u017dene Srebrenice\u201d \u0107e nastaviti svakog 11. u mjesecu izlaziti na mirni mimohod u Tuzli jer smatraju da se genocide vi\u0161e nikom i nikad ne smije ponoviti.<\/p>\n\n\n\n<p>Ratko Mladi\u0107, biv\u0161i komandant Glavnog \u0161taba Vojske Republike Srpske, danas je pravosna\u017eno osu\u0111en na do\u017eivotnu kaznu zatvora zbog genocida u Srebrenici i drugih zlo\u010dina u Bosni i Hercegovini. Drugostepenom presudom nije progla\u0161en krivim za genocid u Fo\u010di, Vlasenici, Klju\u010du, Sanskom Mostu, Kotor Varo\u0161i i Prijedoru.<\/p>\n","protected":false},"excerpt":{"rendered":"<p>U Udru\u017eenje \u201c\u017dene Srebrenice\u201d sa sjedi\u0161tem u Tuzli pratilo se izricanje kona\u010dne presude Ratku Mladi\u0107u, komandantu tzv. vojske republike srpke, koga je danas \u017dalbeno vije\u0107e Me\u0111unarodnog rezidualnog mehanizma za krivi\u010dne sudove osudilo na do\u017eivotnu kaznu zatvora, \u010dime je potvr\u0111ena prvostepena presuda od 22. novembra 2017. godine. Time je Mladi\u0107 pravosna\u017eno osu\u0111en za genocid u Srebrenici [&hellip;]<\/p>\n","protected":false},"author":59,"featured_media":30777,"comment_status":"open","ping_status":"closed","sticky":false,"template":"","format":"standard","meta":{"inline_featured_image":false,"footnotes":""},"categories":[38],"tags":[],"class_list":{"0":"post-30776","1":"post","2":"type-post","3":"status-publish","4":"format-standard","5":"has-post-thumbnail","7":"category-vijesti-iz-bih"},"acf":[],"_links":{"self":[{"href":"https:\/\/tvsensor.com\/api\/wp\/v2\/posts\/30776","targetHints":{"allow":["GET"]}}],"collection":[{"href":"https:\/\/tvsensor.com\/api\/wp\/v2\/posts"}],"about":[{"href":"https:\/\/tvsensor.com\/api\/wp\/v2\/types\/post"}],"author":[{"embeddable":true,"href":"https:\/\/tvsensor.com\/api\/wp\/v2\/users\/59"}],"replies":[{"embeddable":true,"href":"https:\/\/tvsensor.com\/api\/wp\/v2\/comments?post=30776"}],"version-history":[{"count":1,"href":"https:\/\/tvsensor.com\/api\/wp\/v2\/posts\/30776\/revisions"}],"predecessor-version":[{"id":30778,"href":"https:\/\/tvsensor.com\/api\/wp\/v2\/posts\/30776\/revisions\/30778"}],"wp:featuredmedia":[{"embeddable":true,"href":"https:\/\/tvsensor.com\/api\/wp\/v2\/media\/30777"}],"wp:attachment":[{"href":"https:\/\/tvsensor.com\/api\/wp\/v2\/media?parent=30776"}],"wp:term":[{"taxonomy":"category","embeddable":true,"href":"https:\/\/tvsensor.com\/api\/wp\/v2\/categories?post=30776"},{"taxonomy":"post_tag","embeddable":true,"href":"https:\/\/tvsensor.com\/api\/wp\/v2\/tags?post=30776"}],"curies":[{"name":"wp","href":"https:\/\/api.w.org\/{rel}","templated":true}]}}