{"id":30773,"date":"2021-06-08T20:55:58","date_gmt":"2021-06-08T19:55:58","guid":{"rendered":"https:\/\/senzor.ba\/?p=30773"},"modified":"2024-01-15T21:32:51","modified_gmt":"2024-01-15T20:32:51","slug":"trudeau-o-ubistvu-cetvero-muslimana-u-kanadi-to-je-teroristicki-cin","status":"publish","type":"post","link":"https:\/\/tvsensor.com\/clanak\/trudeau-o-ubistvu-cetvero-muslimana-u-kanadi-to-je-teroristicki-cin\/","title":{"rendered":"Trudeau o ubistvu \u010detvero muslimana u Kanadi: To je teroristi\u010dki \u010din"},"content":{"rendered":"\n<p>Premijer Kanade Justin Trudeau nazvao je teroristi\u010dkim \u010dinom napad minibusom u kojem je u Ontariju u nedjelju ubijeno \u010detvero muslimana iz iste porodice.<\/p>\n\n\n\n<p>Nathal Veltman (20) je u nedjelju minibusom na trotoaru u gradu Londonu u Ontariju usmrtio \u010detvero muslimana iz iste porodice, uklju\u010duju\u0107i i 15-godi\u0161nju djevoj\u010dicu, a te\u0161ko povrijedio devetogodi\u0161njeg dje\u010daka.<\/p>\n\n\n\n<p>Napada\u010d je uhap\u0161en, a iz policije su saop\u0107ili da se vjeruje da je motiv napada bilo to \u0161to je rije\u010d o muslimanskoj porodici.<\/p>\n\n\n\n<p>Kanadski premijer Trudeau je u dana\u0161njem obra\u0107anju donjem domu parlamenta te zemlje istakao da se nedvojbeno radilo o teroristi\u010dkom napadu.<\/p>\n\n\n\n<p>&#8220;Ta ubistva nisu bila slu\u010dajnost. To je teroristi\u010dki napad po\u010dinjen iz mr\u017enje u srcu na\u0161e zajednice&#8221;, kazao je Trudeau.<\/p>\n\n\n\n<p>Isti\u010du\u0107i kako se muslimanska porodica nije vratila ku\u0107i sa nedjeljne \u0161etnje, Trudeau je kazao da su njihovi \u017eivotu oduzeti kukavi\u010dkim i stravi\u010dnim napadom.<\/p>\n\n\n\n<p>Trudeau je najavio da \u0107e i li\u010dno otputovati u London u Ontariju i prisustvovati komemoraciji \u017ertvama.<\/p>\n","protected":false},"excerpt":{"rendered":"<p>Premijer Kanade Justin Trudeau nazvao je teroristi\u010dkim \u010dinom napad minibusom u kojem je u Ontariju u nedjelju ubijeno \u010detvero muslimana iz iste porodice. Nathal Veltman (20) je u nedjelju minibusom na trotoaru u gradu Londonu u Ontariju usmrtio \u010detvero muslimana iz iste porodice, uklju\u010duju\u0107i i 15-godi\u0161nju djevoj\u010dicu, a te\u0161ko povrijedio devetogodi\u0161njeg dje\u010daka. Napada\u010d je uhap\u0161en, [&hellip;]<\/p>\n","protected":false},"author":59,"featured_media":30774,"comment_status":"open","ping_status":"closed","sticky":false,"template":"","format":"standard","meta":{"inline_featured_image":false,"footnotes":""},"categories":[41],"tags":[],"class_list":{"0":"post-30773","1":"post","2":"type-post","3":"status-publish","4":"format-standard","5":"has-post-thumbnail","7":"category-svijet"},"acf":[],"_links":{"self":[{"href":"https:\/\/tvsensor.com\/api\/wp\/v2\/posts\/30773","targetHints":{"allow":["GET"]}}],"collection":[{"href":"https:\/\/tvsensor.com\/api\/wp\/v2\/posts"}],"about":[{"href":"https:\/\/tvsensor.com\/api\/wp\/v2\/types\/post"}],"author":[{"embeddable":true,"href":"https:\/\/tvsensor.com\/api\/wp\/v2\/users\/59"}],"replies":[{"embeddable":true,"href":"https:\/\/tvsensor.com\/api\/wp\/v2\/comments?post=30773"}],"version-history":[{"count":1,"href":"https:\/\/tvsensor.com\/api\/wp\/v2\/posts\/30773\/revisions"}],"predecessor-version":[{"id":30775,"href":"https:\/\/tvsensor.com\/api\/wp\/v2\/posts\/30773\/revisions\/30775"}],"wp:featuredmedia":[{"embeddable":true,"href":"https:\/\/tvsensor.com\/api\/wp\/v2\/media\/30774"}],"wp:attachment":[{"href":"https:\/\/tvsensor.com\/api\/wp\/v2\/media?parent=30773"}],"wp:term":[{"taxonomy":"category","embeddable":true,"href":"https:\/\/tvsensor.com\/api\/wp\/v2\/categories?post=30773"},{"taxonomy":"post_tag","embeddable":true,"href":"https:\/\/tvsensor.com\/api\/wp\/v2\/tags?post=30773"}],"curies":[{"name":"wp","href":"https:\/\/api.w.org\/{rel}","templated":true}]}}