{"id":30465,"date":"2021-06-06T09:16:12","date_gmt":"2021-06-06T08:16:12","guid":{"rendered":"https:\/\/senzor.ba\/?p=30465"},"modified":"2024-01-15T21:33:35","modified_gmt":"2024-01-15T20:33:35","slug":"skandalozne-poruke-rajka-vasica-i-milana-tegeltije-nakon-rusenja-crkve-u-dvoristu-nane-fate-orlovic","status":"publish","type":"post","link":"https:\/\/tvsensor.com\/clanak\/skandalozne-poruke-rajka-vasica-i-milana-tegeltije-nakon-rusenja-crkve-u-dvoristu-nane-fate-orlovic\/","title":{"rendered":"Skandalozne poruke Rajka Vasi\u0107a i Milana Tegeltije nakon ru\u0161enja crkve u dvori\u0161tu nane Fate Orlovi\u0107"},"content":{"rendered":"\n<p>Ju\u010der je sru\u0161ena nelegalno izgra\u0111ena pravoslavna crkva u dvori\u0161tu nane Fate Orlovi\u0107, u Konjevi\u0107-Polju. Nakon ru\u0161enja uslijedili su brojni komentari, a naj\u017ee\u0161\u0107i su oni koji dolaze iz manjeg bh. entiteta. Biv\u0161i generalni sekretar SNSD-a Rajko Vasi\u0107 objavio je na svom Twitteru fotografiju ru\u0161enja crkve i zaprijetio:\u201dU budu\u0107em ratu \u0107e zbog ovoga mnogo nedu\u017enih \u017eivota da ode\u201d.<\/p>\n\n\n\n<p>Sli\u010dnu poruku, odnosno prijetnju uputio je i Milan Tegeltija.<\/p>\n\n\n\n<p>\u201cSrbi lak\u0161e pra\u0161taju pokolje nego Bogomolje.<br>To \u0161to je zakonito, to ba\u0161 ni\u0161ta ne\u0107e zna\u010diti, ova slika osta\u0107e u kolektivnom pam\u0107enju naroda i nema te presude i prava koje \u0107e je mo\u0107i opravdati. A sad vi koji aplaudirate, nastavite da se radujete onom \u0161to je danas iznova posijano\u201d, zaprijetio je Tegeltija.<\/p>\n\n\n\n<p>Imao je \u0161ta za re\u0107i i predsjednik politi\u010dke stranke Prava Crna Gora i poslanik u Skup\u0161tini Crne Gore Marko Mila\u010di\u0107 na twitteru. On je kratko napisao: \u201cNi oprostiti, ni zaboraviti.\u201d<\/p>\n\n\n\n<p>Podsje\u0107amo, borba nane Fate Orlovi\u0107 za uklanjanje pravoslavne crkve, koja je izgra\u0111ena u njenom dvori\u0161tu tokom rata i agresije na Bosnu i Hercegovinu po\u010detkom 1990-ih godina, dok su ona i pre\u017eivjeli \u010dlanovi porodice bili u izbjegli\u0161tvu, traje preko dvije decenije.<\/p>\n","protected":false},"excerpt":{"rendered":"<p>Ju\u010der je sru\u0161ena nelegalno izgra\u0111ena pravoslavna crkva u dvori\u0161tu nane Fate Orlovi\u0107, u Konjevi\u0107-Polju. Nakon ru\u0161enja uslijedili su brojni komentari, a naj\u017ee\u0161\u0107i su oni koji dolaze iz manjeg bh. entiteta. Biv\u0161i generalni sekretar SNSD-a Rajko Vasi\u0107 objavio je na svom Twitteru fotografiju ru\u0161enja crkve i zaprijetio:\u201dU budu\u0107em ratu \u0107e zbog ovoga mnogo nedu\u017enih \u017eivota da [&hellip;]<\/p>\n","protected":false},"author":59,"featured_media":30466,"comment_status":"open","ping_status":"closed","sticky":false,"template":"","format":"standard","meta":{"inline_featured_image":false,"footnotes":""},"categories":[38],"tags":[],"class_list":{"0":"post-30465","1":"post","2":"type-post","3":"status-publish","4":"format-standard","5":"has-post-thumbnail","7":"category-vijesti-iz-bih"},"acf":[],"_links":{"self":[{"href":"https:\/\/tvsensor.com\/api\/wp\/v2\/posts\/30465","targetHints":{"allow":["GET"]}}],"collection":[{"href":"https:\/\/tvsensor.com\/api\/wp\/v2\/posts"}],"about":[{"href":"https:\/\/tvsensor.com\/api\/wp\/v2\/types\/post"}],"author":[{"embeddable":true,"href":"https:\/\/tvsensor.com\/api\/wp\/v2\/users\/59"}],"replies":[{"embeddable":true,"href":"https:\/\/tvsensor.com\/api\/wp\/v2\/comments?post=30465"}],"version-history":[{"count":1,"href":"https:\/\/tvsensor.com\/api\/wp\/v2\/posts\/30465\/revisions"}],"predecessor-version":[{"id":30467,"href":"https:\/\/tvsensor.com\/api\/wp\/v2\/posts\/30465\/revisions\/30467"}],"wp:featuredmedia":[{"embeddable":true,"href":"https:\/\/tvsensor.com\/api\/wp\/v2\/media\/30466"}],"wp:attachment":[{"href":"https:\/\/tvsensor.com\/api\/wp\/v2\/media?parent=30465"}],"wp:term":[{"taxonomy":"category","embeddable":true,"href":"https:\/\/tvsensor.com\/api\/wp\/v2\/categories?post=30465"},{"taxonomy":"post_tag","embeddable":true,"href":"https:\/\/tvsensor.com\/api\/wp\/v2\/tags?post=30465"}],"curies":[{"name":"wp","href":"https:\/\/api.w.org\/{rel}","templated":true}]}}