{"id":30462,"date":"2021-06-06T09:10:19","date_gmt":"2021-06-06T08:10:19","guid":{"rendered":"https:\/\/senzor.ba\/?p=30462"},"modified":"2024-01-15T21:33:36","modified_gmt":"2024-01-15T20:33:36","slug":"prica-o-pobjednicima-jasmin-i-indir-uvijek-ce-se-sjecati-ubijenih-sestara-jasmine-i-indire","status":"publish","type":"post","link":"https:\/\/tvsensor.com\/clanak\/prica-o-pobjednicima-jasmin-i-indir-uvijek-ce-se-sjecati-ubijenih-sestara-jasmine-i-indire\/","title":{"rendered":"Pri\u010da o pobjednicima: Jasmin i Indir uvijek \u0107e se sje\u0107ati ubijenih sestara Jasmine i Indire"},"content":{"rendered":"\n<p>Bra\u0107a Jasmin i Indir Brkovi\u0107 prou\u010dili su Fatihu i polo\u017eili cvije\u0107e na spomen-plo\u010du \u017ertvama masakra iz 1994. godine u naselju Alipa\u0161ino Polje, kada je agresorskom granatom krvni\u010dki ubijeno \u0161estoro sarajevskih mali\u0161ana. Jasmin i Indir odali su po\u010dast ubijenoj djeci, a me\u0111u kojima su bile i njihove sestre Jasmina i Indira, pi\u0161e Anadolu Agency (AA).<\/p>\n\n\n\n<p>Tog kobnog 22. januara 1994. godine, sa agresorskog polo\u017eaja Vojske Republike Srpske (VRS) iz pravca Ned\u017eari\u0107a ispaljene su tri granate od \u010dijih eksplozija i gelera su ubijeni Jasmina Brkovi\u0107 (1989.), Mirza Dedovi\u0107 (1986.), Admir Suba\u0161i\u0107 (1986.), Danijel Jureni\u0107 (1983.), Indira Brkovi\u0107 (1982.) i Nermin Rizvanovi\u0107 (1981.). Prekinuta su djetinjstva, prerano uga\u0161eni \u017eivoti, ubijena su djeca koja su imala \u010detiri, dvoje po sedam, te 11, 12 i 13 godina.<\/p>\n\n\n\n<p>\u010covjek mo\u017eda mo\u017ee poku\u0161ati da doku\u010di \u0161ta to zna\u010di kada vam neko ubije dijete, kada vam ubije dvije k\u0107eri, ali to na kraju mo\u017ee biti samo poku\u0161aj. Kakva je to bol i kakva je snaga potrebna \u010dovjeku da nakon takve tragedije sa\u010duva zdravu pamet, ostane jak, znaju samo roditelji \u010dija su djeca ubijena, niko drugi. Pri\u010da o ubijenim mali\u0161anima sa Alipa\u0161inog Polja, koliko god bila jedna vrlo tragi\u010dna pri\u010da, ovo je pri\u010da o pobjednicima, o otporu, o pobjedi Sarajeva, istovremeno pri\u010da o porazu krvnika i ubica.<\/p>\n\n\n\n<p><strong>&#8211; Otac: \u201eMoji sinovi su moja pobjeda\u201c &#8211;<\/strong><\/p>\n\n\n\n<p>D\u017eevad Brkovi\u0107 je tog 22. januara do\u017eivio neopisivu tragediju. Ubijene su Jasmina i Indira, njegove dvije k\u0107eri, njegova dva svijeta. Jasmina je bila najmla\u0111a me\u0111u \u0161estoro ubijenih u masakru, imala je svega \u010detiri godine. No, Brkovi\u0107 je nakon takve tragedije uspio ostati jak, a samo on zna kako.<\/p>\n\n\n\n<p>Nakon \u0161to su ubijene njihove k\u0107erke Jasmina i Indira, porodica Brkovi\u0107 dobila je dvojicu sinova, koji su dobili imena po sestrama. Ubijene su Jasmina i Indira, ro\u0111eni su Jasmin i Indir. Zbog toga je porodica Brkovi\u0107 pobjednik u ovoj pri\u010di.<\/p>\n\n\n\n<p>Brkovi\u0107a smo kontaktirali, no nije \u017eelio, odnosno nije mogao pred kamere, \u0161to smo prihvatili sa potpunim razumijevanjem i po\u0161tivanjem njegove odluke. U kratkoj telefonskoj izjavi ka\u017ee kako pred kamere ne \u017eeli, jer se njegova bol ne mo\u017ee ispri\u010dati, to samo zna onaj \u010dije je dijete ubijeno.<\/p>\n\n\n\n<p>\u201ePred nama su bile samo dvije opcije, \u017eivot ili smrt, odnosno da se ubijemo ili da nastavimo \u017eivjeti. Samo dragi Allah nam je pomogao, dobili smo dvoje djece. Prvo jednog, a potom i drugog sina. Dali smo im imena Indir i Jasmin, po dvjema najljep\u0161im i najpametnijim djevoj\u010dicama na svijetu\u201c, ka\u017ee otac Brkovi\u0107 za AA, te podvla\u010di:<\/p>\n\n\n\n<p>\u201eMene \u010detnici nisu, niti \u0107e me ikada uni\u0161titi, moji sinovi su moja pobjeda.\u201c<\/p>\n\n\n\n<p>Podvla\u010di tako\u0111er kako \u017eali i poga\u0111a ga to \u0161to se ne pokre\u0107e pitanje odgovornosti za masakr na Alipa\u0161inom Polju. Prema njegovim rije\u010dima, zna se ko je ispalio granate iz Ned\u017eari\u0107a i ko je poubijao djecu, ali institucije ne rade svoj posao.<\/p>\n\n\n\n<p><strong>&#8211; S ponosom nose imena poginulih sestara &#8211;<\/strong><\/p>\n\n\n\n<p>Jasmin i Indir kazali su u razgovoru s novinarom AA kako s ponosom nose imena svojih ubijenih sestara. U spomen na njih kao i ostalu djecu \u017ertve masakra na Alipa\u0161inom Polju, polo\u017eili su cvije\u0107e na spomen plo\u010du i prou\u010dili Fatihu.<\/p>\n\n\n\n<p>Roditelji su im jo\u0161 u ranom djetinjstvu saop\u0161tili sudbinu njihovih sestara.<\/p>\n\n\n\n<p>\u201eKao dje\u010dak mo\u017eda tada toga i nisam bio toliko svjestan, ali kako godine prolaze i brat i ja sve vi\u0161e o tome razmi\u0161ljamo, i svaki put je sve te\u017ee. Nije lako kada razmi\u0161ljate \u0161ta su one danas mogle biti, kako su mogle imati svoje porodice\u201c, ka\u017ee Jasmin.<\/p>\n\n\n\n<p>Ponosan je \u0161to nosi ime po sestri Jasmini.<\/p>\n\n\n\n<p>\u201e\u010citav \u017eivot nas to prati i pratit \u0107e. I bratu i meni je to neki podstrek u \u017eivotu. To nam daje snagu, koju je te\u0161ko opisati, kako u privatnom tako i poslovnom \u017eivotu\u201c, poru\u010duje Jasmin, te dodaje: \u201eNas dvojica smo tu, i mi na neki na\u010din nastavljamo tamo gdje su one stale, i to je na\u0161a pobjeda. Dok god postoji sje\u0107anje na njih, one \u0107e biti tu s nama.\u201c<\/p>\n\n\n\n<p>Mla\u0111i brat Indir Brkovi\u0107 isti\u010de kako mu je \u017eao \u0161to vrlo malo zna o svojim sestrama, a uglavnom se sve svodi na ono \u0161to su mogli \u010duti od roditelja i pone\u0161to fotografija.<\/p>\n\n\n\n<p>\u201eOno \u0161to znam o njima je sve najbolje, znam da su to bile divne djevoj\u010dice. Sve \u0161to sam o njima \u010duo, bile su samo rije\u010di hvale. To su bile dvije curice koje, na\u017ealost, nisu do\u010dekale ni punoljetstvo\u201c, ka\u017ee Indir.<\/p>\n\n\n\n<p>Iako je njegovo ime prili\u010dno neobi\u010dno, Indir ka\u017ee kako je na njega ponosan i kako mu mnogo zna\u010di.<\/p>\n\n\n\n<p>\u201eLjudi me \u010desto znaju pitati i otkud mi takvo ime, iskreno mi se nekad i ne da obja\u0161njavati, jer ljudi bivaju potreseni kada \u010duju moju pri\u010du. Ali, to je spomen na moju sestru koja \u0107e me pratiti do kraja \u017eivota, ponosan sam \u0161to nosim njeno ime\u201c, ka\u017ee Indir, te nastavlja:<\/p>\n\n\n\n<p><strong>&#8211; Uvijek \u0107e \u010duvati sje\u0107anje na ono \u0161to se desilo &#8211;<\/strong><\/p>\n\n\n\n<p>\u201eHvala dragom Bogu, da su na\u0161i roditelji dobili nas poslije njih dvije, iako ja mislim da mi nismo ni pet posto onoga \u0161to bi one bile. Trudim se da svojim roditeljima pomognem. Uvijek mi je na pameti to kroz \u0161ta su oni pro\u0161li, tako da sam svjestan da im ne treba dodatna sekiracija. Ono \u0161to nam desilo nikada ne smijemo zaboraviti.\u201c<\/p>\n\n\n\n<p>U utorak, 8. juna, Me\u0111unarodni rezidualni mehanizam za krivi\u010dne sudove izre\u0107i \u0107e kona\u010dnu presudu Ratku Mladi\u0107u, koji je u vrijeme rata u Bosni i Hercegovini 1990-ih bio na \u010delu tada\u0161nje Vojske Republike Srpske. Prvostepeno je osu\u0111en, uz ostalo, i za dr\u017eanje u opsadi i snajpersko djelovanje po civilima u Sarajevu, kao i za genocid u Srebrenici i druge ratne zlo\u010dine. U optu\u017enici Ha\u0161kog tu\u017eila\u0161tva na osnovu koje je donesena prvostepena presuda 2017. nalaze se i masakri nad civilima u Sarajevu.<\/p>\n\n\n\n<p>Na samom kraju razgovora Indir dodaje kako zlo\u010din na Alipa\u0161inom Polju nije jedini takav, da je mno\u0161tvo sli\u010dnih bilo \u0161irom Sarajeva. Nagla\u0161ava kako ne mo\u017ee shvatiti kakav je to mozak bio u stanju da ga\u0111a djecu i civile.<\/p>\n\n\n\n<p>Tokom opsade 1992-1995. poginuo je 11.541 gra\u0111anin Sarajeva, me\u0111u njima 1.601 dijete, vi\u0161e od 50.000 civila je bilo lak\u0161e ili te\u017ee ranjeno. Procjenjuje se da je oko 500.000 projektila ispaljeno na grad za vrijeme opsade, dok je zabilje\u017eeno da je dana 22. jula 1993. godine na grad ispaljeno rekordnih 3.777 projektila. Na grad je dnevno u prosjeku ispaljivano 329 granata.<\/p>\n","protected":false},"excerpt":{"rendered":"<p>Bra\u0107a Jasmin i Indir Brkovi\u0107 prou\u010dili su Fatihu i polo\u017eili cvije\u0107e na spomen-plo\u010du \u017ertvama masakra iz 1994. godine u naselju Alipa\u0161ino Polje, kada je agresorskom granatom krvni\u010dki ubijeno \u0161estoro sarajevskih mali\u0161ana. Jasmin i Indir odali su po\u010dast ubijenoj djeci, a me\u0111u kojima su bile i njihove sestre Jasmina i Indira, pi\u0161e Anadolu Agency (AA). Tog [&hellip;]<\/p>\n","protected":false},"author":59,"featured_media":30463,"comment_status":"open","ping_status":"closed","sticky":false,"template":"","format":"standard","meta":{"inline_featured_image":false,"footnotes":""},"categories":[38],"tags":[],"class_list":{"0":"post-30462","1":"post","2":"type-post","3":"status-publish","4":"format-standard","5":"has-post-thumbnail","7":"category-vijesti-iz-bih"},"acf":[],"_links":{"self":[{"href":"https:\/\/tvsensor.com\/api\/wp\/v2\/posts\/30462","targetHints":{"allow":["GET"]}}],"collection":[{"href":"https:\/\/tvsensor.com\/api\/wp\/v2\/posts"}],"about":[{"href":"https:\/\/tvsensor.com\/api\/wp\/v2\/types\/post"}],"author":[{"embeddable":true,"href":"https:\/\/tvsensor.com\/api\/wp\/v2\/users\/59"}],"replies":[{"embeddable":true,"href":"https:\/\/tvsensor.com\/api\/wp\/v2\/comments?post=30462"}],"version-history":[{"count":1,"href":"https:\/\/tvsensor.com\/api\/wp\/v2\/posts\/30462\/revisions"}],"predecessor-version":[{"id":30464,"href":"https:\/\/tvsensor.com\/api\/wp\/v2\/posts\/30462\/revisions\/30464"}],"wp:featuredmedia":[{"embeddable":true,"href":"https:\/\/tvsensor.com\/api\/wp\/v2\/media\/30463"}],"wp:attachment":[{"href":"https:\/\/tvsensor.com\/api\/wp\/v2\/media?parent=30462"}],"wp:term":[{"taxonomy":"category","embeddable":true,"href":"https:\/\/tvsensor.com\/api\/wp\/v2\/categories?post=30462"},{"taxonomy":"post_tag","embeddable":true,"href":"https:\/\/tvsensor.com\/api\/wp\/v2\/tags?post=30462"}],"curies":[{"name":"wp","href":"https:\/\/api.w.org\/{rel}","templated":true}]}}