{"id":30458,"date":"2021-06-05T19:54:37","date_gmt":"2021-06-05T18:54:37","guid":{"rendered":"https:\/\/senzor.ba\/?p=30458"},"modified":"2024-01-15T21:33:37","modified_gmt":"2024-01-15T20:33:37","slug":"regionalni-mediji-o-fati-orlovic-u-srebrenici-joj-pobili-obitelj-pa-u-dvoristu-podigli-crkvu","status":"publish","type":"post","link":"https:\/\/tvsensor.com\/clanak\/regionalni-mediji-o-fati-orlovic-u-srebrenici-joj-pobili-obitelj-pa-u-dvoristu-podigli-crkvu\/","title":{"rendered":"Regionalni mediji o Fati Orlovi\u0107: U Srebrenici joj pobili obitelj pa u dvori\u0161tu podigli crkvu"},"content":{"rendered":"\n<p>Rano jutros po\u010delo je uklanjanje crkve iz dvori\u0161ta nane Fate Orlovi\u0107 iz Konjevi\u0107 Polja nakon 25 godina pravne borbe.<\/p>\n\n\n\n<p>Vijest o izmje\u0161tanju crkve odjeknula je jutros \u0161irom na\u0161e dr\u017eave.<\/p>\n\n\n\n<p>Pored doma\u0107ih medija, vijest o ovome prenijeli su i mediji iz susjednih zemalja.<\/p>\n\n\n\n<p>Srbijanski Informer objavio je vijest o ovome pod naslovom \u201cPo\u010delo ru\u0161enje pravoslavne crkve iz dvori\u0161ta Fate Orlovi\u0107 u BiH\u201d, gdje su u jednoj re\u010denici konstatovali da je prethodno Evropski sud za ljudska prava donio kona\u010dnu presudu kojom se nala\u017ee uklanjanje crkve iz dvori\u0161ta Fate Orlovi\u0107.<\/p>\n\n\n\n<p>Jedni od najaktuelnijih srbijanskih portala Kurir i Blic do sada nisu pisali na ovu temu.<\/p>\n\n\n\n<p>O izmje\u0161tanju crkve izvjestili su i crnogorski portali AntenaM i CDM pod naslovom \u201cPo\u010delo uklanjanje crkve iz dvori\u0161ta Fate Orlovi\u0107\u201d.<\/p>\n\n\n\n<p>Na hrvatskom Index.hr ovu vijest su objavili pod naslovom \u201cU Srebrenici joj pobili obitelj pa u dvori\u0161tu podigli crkvu. Kona\u010dno je sru\u0161ena\u201d, te su u tekstu detaljnije opisali \u017eivotnu sudbinu Fate Orlovi\u0107.<\/p>\n\n\n\n<p>Uz du\u017ei tekst i poja\u0161njenje i Ve\u010dernji list je izvjestio o ovome pod naslovom \u201cStarica dobila pravnu bitku, sru\u0161ena je crkva kod Srebrenice\u201d.<\/p>\n","protected":false},"excerpt":{"rendered":"<p>Rano jutros po\u010delo je uklanjanje crkve iz dvori\u0161ta nane Fate Orlovi\u0107 iz Konjevi\u0107 Polja nakon 25 godina pravne borbe. Vijest o izmje\u0161tanju crkve odjeknula je jutros \u0161irom na\u0161e dr\u017eave. Pored doma\u0107ih medija, vijest o ovome prenijeli su i mediji iz susjednih zemalja. Srbijanski Informer objavio je vijest o ovome pod naslovom \u201cPo\u010delo ru\u0161enje pravoslavne crkve [&hellip;]<\/p>\n","protected":false},"author":59,"featured_media":30459,"comment_status":"open","ping_status":"closed","sticky":false,"template":"","format":"standard","meta":{"inline_featured_image":false,"footnotes":""},"categories":[40],"tags":[],"class_list":{"0":"post-30458","1":"post","2":"type-post","3":"status-publish","4":"format-standard","5":"has-post-thumbnail","7":"category-region"},"acf":[],"_links":{"self":[{"href":"https:\/\/tvsensor.com\/api\/wp\/v2\/posts\/30458","targetHints":{"allow":["GET"]}}],"collection":[{"href":"https:\/\/tvsensor.com\/api\/wp\/v2\/posts"}],"about":[{"href":"https:\/\/tvsensor.com\/api\/wp\/v2\/types\/post"}],"author":[{"embeddable":true,"href":"https:\/\/tvsensor.com\/api\/wp\/v2\/users\/59"}],"replies":[{"embeddable":true,"href":"https:\/\/tvsensor.com\/api\/wp\/v2\/comments?post=30458"}],"version-history":[{"count":1,"href":"https:\/\/tvsensor.com\/api\/wp\/v2\/posts\/30458\/revisions"}],"predecessor-version":[{"id":30460,"href":"https:\/\/tvsensor.com\/api\/wp\/v2\/posts\/30458\/revisions\/30460"}],"wp:featuredmedia":[{"embeddable":true,"href":"https:\/\/tvsensor.com\/api\/wp\/v2\/media\/30459"}],"wp:attachment":[{"href":"https:\/\/tvsensor.com\/api\/wp\/v2\/media?parent=30458"}],"wp:term":[{"taxonomy":"category","embeddable":true,"href":"https:\/\/tvsensor.com\/api\/wp\/v2\/categories?post=30458"},{"taxonomy":"post_tag","embeddable":true,"href":"https:\/\/tvsensor.com\/api\/wp\/v2\/tags?post=30458"}],"curies":[{"name":"wp","href":"https:\/\/api.w.org\/{rel}","templated":true}]}}