{"id":30455,"date":"2021-06-05T19:40:53","date_gmt":"2021-06-05T18:40:53","guid":{"rendered":"https:\/\/senzor.ba\/?p=30455"},"modified":"2024-01-15T21:33:37","modified_gmt":"2024-01-15T20:33:37","slug":"dvodecenijska-borba-nane-fate-zavrsena-glavnina-radova-na-uklanjanju-bespravno-izgradjene-crkve","status":"publish","type":"post","link":"https:\/\/tvsensor.com\/clanak\/dvodecenijska-borba-nane-fate-zavrsena-glavnina-radova-na-uklanjanju-bespravno-izgradjene-crkve\/","title":{"rendered":"Dvodecenijska borba nane Fate: Zavr\u0161ena glavnina radova na uklanjanju bespravno izgra\u0111ene crkve"},"content":{"rendered":"\n<p>Nakon vi\u0161e od dvije decenije pravne borbe nane Fate Orlovi\u0107 za pravdu, danas u poslijepodnevnim satima zavr\u0161ena je glavnina radova u vezi s uklanjanjem bespravno izgra\u0111ene crkve iz njene avlije, javlja Anadolu Agency (AA).<\/p>\n\n\n\n<p>Iako naru\u0161enog zdravlja, nana Fata Orlovi\u0107 je tokom dana do\u010dekivala i ispra\u0107ala brojne medijske ekipe, kao i brojne gra\u0111ane koji su do\u0161li da joj izraze podr\u0161ku.<\/p>\n\n\n\n<p>Nana Fata Orlovi\u0107 je novinarima kazala kako je iscrpljena od vi\u0161edecenijske borbe.<\/p>\n\n\n\n<p>&#8220;Hvala Bogu, do\u010dekasmo, hvala Bogu, izvr\u0161i se sve kako treba, ali danas mi je ponajgore. Nije mi pravo, ne volim, a moram, jer svako svoje tra\u017ei, pa tra\u017eim i ja svoje. Ja njima nisam ni\u0161ta u\u010dinila niti \u010dinim. Drago mi je \u0161to je iznesena iz avlije, ne bi je trpio niko, pa ne mogu ni ja&#8221;, kazala je nana Fata Orlovi\u0107, koja je naru\u0161enog zdravlja.<\/p>\n\n\n\n<p>U kratkoj izjavi u svojoj ku\u0107i u Konjevi\u0107-Polju, nana Fata je zahvalila i novinarima na podr\u0161ci.<\/p>\n\n\n\n<p>Nana Fata je dodala da je vrijeme da kona\u010dno sjedne rahat u svoju avliju.<\/p>\n\n\n\n<p>&#8220;Da sjednem ondje da popijem kahvu, da nas ne ganjaju i ne tuku po na\u0161oj avliji, nek i njima do\u0111e kraj. Radili su nam \u0161to je najgore, a do\u0161ao je kraj i njima&#8221;, kazala je nana Fata Orlovi\u0107 i dodala:<\/p>\n\n\n\n<p>&#8220;Dvadeset godina sam iscrpljena, a danas mi je najgore. Nije mi drago, a u isto vrijeme i jest mi drago \u0161to je moja avlija oslobo\u0111ena.&#8221;<\/p>\n\n\n\n<p>Njena k\u0107erka Hurija Kari\u0107 izjavila je da ru\u0161enje nelegalno izgra\u0111ene crkve u avliji njene majke predstavlja svojevrsno zadovoljstvo za cijelu njihovu porodicu, ali i cijelu Bosnu i Hercegovinu.<\/p>\n\n\n\n<p>&#8220;Zadovoljstvo jeste za na\u0161u komplet porodicu, za \u010ditavu Bosnu i Hercegovinu. Zna\u010di sad mo\u017eemo kona\u010dno re\u0107i da se odluke suda uva\u017eavaju, sprovode, da ima neki zakon, sud. Vjerujemo sad da ima opstanka u Bosni i Hercegovini, da mo\u017eemo \u017eivjeti, da normalno svi funkcioni\u0161emo bez obzira na to koje je vjere ko&#8221;, poru\u010dila je Kari\u0107.<\/p>\n\n\n\n<p>Ona je dodala kako svako treba da \u017eivi na svome i ostvari svoje pravo.<\/p>\n\n\n\n<p>&#8220;Zna\u010di, nama ne smeta niko. Neka \u017eivi svako na svome. Mi svoje ne damo, a tu\u0111e ne\u0107emo. Ni\u0161ta ne tra\u017eimo, tra\u017eimo samo svoja prava. Moja majka je tra\u017eila samo svoje pravo, svoje djece, svoje porodice&#8221;, zaklju\u010dila je Kari\u0107, koja je kroz \u010detvrt stolje\u0107a pravne borbe bila podr\u0161ka svojoj majci.<\/p>\n\n\n\n<p>Advokat porodice Fate Orlovi\u0107, Rusmir Karkin poru\u010dio je nakon ru\u0161enja nelegalno izgra\u0111ene pravoslavne crkve da je pravda ipak dosti\u017ena,<\/p>\n\n\n\n<p>&#8220;Pravda je dosti\u017ena i dokaz je ru\u0161enje objekta pravoslavne crkve iza nas. Postoji mogu\u0107nost da gra\u0111ani Bosne i Hercegovine doista povjeruju u pravnu sigurnost koju treba dr\u017eava da im garantuje&#8221;, rekao je Karkin i dodao kako se kao gra\u0111anin BiH iskreno nada da \u0107e se stvari u dr\u017eavi u potpunosti poslo\u017eiti.<\/p>\n\n\n\n<p>Podsjetio je na ina\u010de lo\u0161e zdravstveno stanje nane Fate Orlovi\u0107 i jutro\u0161nje uzbu\u0111enje na po\u010detku ru\u0161enja objekta.<\/p>\n\n\n\n<p>Borba nane Fate Orlovi\u0107 za uklanjanje pravoslavne crkve, koja je izgra\u0111ena u njenom dvori\u0161tu tokom rata i agresije na Bosnu i Hercegovinu po\u010detkom 1990-ih godina, dok su ona i pre\u017eivjeli \u010dlanovi porodice bili u izbjegli\u0161tvu, traje dvije decenije.<\/p>\n\n\n\n<p>Uklanjanje bespravno sagra\u0111enog objekta pravoslavne crkve po\u010delo je nakon presude Evropskog suda za ljudska prava u Strasoburgu od 1. oktobra 2019. kojom je nalo\u017eeno dr\u017eavi Bosni i Hercegovini da ispo\u0161tuje ranije odluke o uklanjanju crkve &#8211; odluke CRPC-a iz 1999. godine i Ministarstva za izbjeglice iz 2001. godine.<\/p>\n\n\n\n<p>Evropski sud je utvrdio kako je propust vlasti da ispo\u0161tuju kona\u010dne i obavezuju\u0107e odluke iz 1999. i 2001. godine kojima je utvr\u0111eno pravo na povrat predmetne imovine u posjed podnositelja predstavke, a za koji Vlada bh. entiteta Republika Srpska nije ponudila nikakvo opravdanje, imao za posljedicu ozbiljno naru\u0161avanje njihovog prava na imovinu.<\/p>\n\n\n\n<p>Apelaciju Evropskom sudu za ljudska prava u Strazburu podnijela je Fata Orlovi\u0107 i jo\u0161 13 \u010dlanova njene porodice 2018. godine.<\/p>\n\n\n\n<p>Naime, imovina Fate Orlovi\u0107 i njene porodice vra\u0107ena je nakon zavr\u0161etka rata u BiH, ali nelegalno sagra\u0111ena pravoslavna crkva u njenom dvori\u0161tu je ostala. Fata Orlovi\u0107 je pokrenula sudski postupak 2000. godine pred sudovima u BiH, koji je zavr\u0161io apelacijom i presudom Evropskog suda za ljudska prava u Strasborugu u njenu i u korist ostalih 13 apelanata.<\/p>\n\n\n\n<p>Nana Fata Orlovi\u0107 je tokom rata u BiH izgubila supruga, kao i veliki broj \u010dlanove porodice.<\/p>\n\n\n\n<p>U proteklih 20 godina borbe za izmje\u0161tanje bespravno sagra\u0111ene crkve iz njenog dvori\u0161ta, Fata Orlovi\u0107 je mnogo toga pre\u017eivjela &#8211; napadi, prijetnje, optu\u017enice.<\/p>\n","protected":false},"excerpt":{"rendered":"<p>Nakon vi\u0161e od dvije decenije pravne borbe nane Fate Orlovi\u0107 za pravdu, danas u poslijepodnevnim satima zavr\u0161ena je glavnina radova u vezi s uklanjanjem bespravno izgra\u0111ene crkve iz njene avlije, javlja Anadolu Agency (AA). Iako naru\u0161enog zdravlja, nana Fata Orlovi\u0107 je tokom dana do\u010dekivala i ispra\u0107ala brojne medijske ekipe, kao i brojne gra\u0111ane koji su [&hellip;]<\/p>\n","protected":false},"author":59,"featured_media":30456,"comment_status":"open","ping_status":"closed","sticky":false,"template":"","format":"standard","meta":{"inline_featured_image":false,"footnotes":""},"categories":[376,38],"tags":[],"class_list":{"0":"post-30455","1":"post","2":"type-post","3":"status-publish","4":"format-standard","5":"has-post-thumbnail","7":"category-featured","8":"category-vijesti-iz-bih"},"acf":[],"_links":{"self":[{"href":"https:\/\/tvsensor.com\/api\/wp\/v2\/posts\/30455","targetHints":{"allow":["GET"]}}],"collection":[{"href":"https:\/\/tvsensor.com\/api\/wp\/v2\/posts"}],"about":[{"href":"https:\/\/tvsensor.com\/api\/wp\/v2\/types\/post"}],"author":[{"embeddable":true,"href":"https:\/\/tvsensor.com\/api\/wp\/v2\/users\/59"}],"replies":[{"embeddable":true,"href":"https:\/\/tvsensor.com\/api\/wp\/v2\/comments?post=30455"}],"version-history":[{"count":1,"href":"https:\/\/tvsensor.com\/api\/wp\/v2\/posts\/30455\/revisions"}],"predecessor-version":[{"id":30457,"href":"https:\/\/tvsensor.com\/api\/wp\/v2\/posts\/30455\/revisions\/30457"}],"wp:featuredmedia":[{"embeddable":true,"href":"https:\/\/tvsensor.com\/api\/wp\/v2\/media\/30456"}],"wp:attachment":[{"href":"https:\/\/tvsensor.com\/api\/wp\/v2\/media?parent=30455"}],"wp:term":[{"taxonomy":"category","embeddable":true,"href":"https:\/\/tvsensor.com\/api\/wp\/v2\/categories?post=30455"},{"taxonomy":"post_tag","embeddable":true,"href":"https:\/\/tvsensor.com\/api\/wp\/v2\/tags?post=30455"}],"curies":[{"name":"wp","href":"https:\/\/api.w.org\/{rel}","templated":true}]}}