{"id":30451,"date":"2021-06-05T17:18:50","date_gmt":"2021-06-05T16:18:50","guid":{"rendered":"https:\/\/senzor.ba\/?p=30451"},"modified":"2024-01-15T21:33:38","modified_gmt":"2024-01-15T20:33:38","slug":"spanija-u-madridu-protest-podrske-palestini","status":"publish","type":"post","link":"https:\/\/tvsensor.com\/clanak\/spanija-u-madridu-protest-podrske-palestini\/","title":{"rendered":"\u0160panija: U Madridu protest podr\u0161ke Palestini"},"content":{"rendered":"\n<p>U Madridu su, povodom 5. juna 1967. godine, dana kada je Izrael okupirao Isto\u010dni Al-Quds (Jerusalem), odr\u017eani protesti podr\u0161ke Palestini, a osude izraelske politike.<\/p>\n\n\n\n<p>Okupljeni u Madridu isticali su transparente, na kojima je izme\u0111u ostalog pisalo \u201dKraj rasisti\u010dkoj i kolonijalisti\u010dkoj okupaciji\u201d, te uzvikivali slogane \u201d\u017divjela Palestina\u201c, \u201dIzrael terorista\u201d, \u201dSloboda Palestini\u201d i tome sli\u010dno.<\/p>\n\n\n\n<p>\u0160panci i Palestinci koji su se pridru\u017eili protestima pozvali su na borbu protiv Izraela.<\/p>\n\n\n\n<p>U dokumentu pro\u010ditanom na kraju protesta navedeno je kako je 5. juna 1967. izvr\u0161en jedan od najve\u0107ih masakara u Palestini, a raseljeno je nekoliko stotina hiljada Palestinaca.<\/p>\n\n\n\n<p>\u201dI danas su nastavljeni genocid, etni\u010dko \u010di\u0161\u0107enje i otimanje. Podr\u0161ka Palestini u pravu na povratak, ostvarenju historijskih prava, oslobo\u0111enju zatvorenika i borbi protiv zajedni\u010dkog me\u0111unarodnog zlo\u010dina\u201d, re\u010deno je tom prilikom.<\/p>\n","protected":false},"excerpt":{"rendered":"<p>U Madridu su, povodom 5. juna 1967. godine, dana kada je Izrael okupirao Isto\u010dni Al-Quds (Jerusalem), odr\u017eani protesti podr\u0161ke Palestini, a osude izraelske politike. Okupljeni u Madridu isticali su transparente, na kojima je izme\u0111u ostalog pisalo \u201dKraj rasisti\u010dkoj i kolonijalisti\u010dkoj okupaciji\u201d, te uzvikivali slogane \u201d\u017divjela Palestina\u201c, \u201dIzrael terorista\u201d, \u201dSloboda Palestini\u201d i tome sli\u010dno. \u0160panci i [&hellip;]<\/p>\n","protected":false},"author":59,"featured_media":30452,"comment_status":"open","ping_status":"closed","sticky":false,"template":"","format":"standard","meta":{"inline_featured_image":false,"footnotes":""},"categories":[41],"tags":[],"class_list":{"0":"post-30451","1":"post","2":"type-post","3":"status-publish","4":"format-standard","5":"has-post-thumbnail","7":"category-svijet"},"acf":[],"_links":{"self":[{"href":"https:\/\/tvsensor.com\/api\/wp\/v2\/posts\/30451","targetHints":{"allow":["GET"]}}],"collection":[{"href":"https:\/\/tvsensor.com\/api\/wp\/v2\/posts"}],"about":[{"href":"https:\/\/tvsensor.com\/api\/wp\/v2\/types\/post"}],"author":[{"embeddable":true,"href":"https:\/\/tvsensor.com\/api\/wp\/v2\/users\/59"}],"replies":[{"embeddable":true,"href":"https:\/\/tvsensor.com\/api\/wp\/v2\/comments?post=30451"}],"version-history":[{"count":1,"href":"https:\/\/tvsensor.com\/api\/wp\/v2\/posts\/30451\/revisions"}],"predecessor-version":[{"id":30453,"href":"https:\/\/tvsensor.com\/api\/wp\/v2\/posts\/30451\/revisions\/30453"}],"wp:featuredmedia":[{"embeddable":true,"href":"https:\/\/tvsensor.com\/api\/wp\/v2\/media\/30452"}],"wp:attachment":[{"href":"https:\/\/tvsensor.com\/api\/wp\/v2\/media?parent=30451"}],"wp:term":[{"taxonomy":"category","embeddable":true,"href":"https:\/\/tvsensor.com\/api\/wp\/v2\/categories?post=30451"},{"taxonomy":"post_tag","embeddable":true,"href":"https:\/\/tvsensor.com\/api\/wp\/v2\/tags?post=30451"}],"curies":[{"name":"wp","href":"https:\/\/api.w.org\/{rel}","templated":true}]}}