{"id":30442,"date":"2021-06-05T16:42:47","date_gmt":"2021-06-05T15:42:47","guid":{"rendered":"https:\/\/senzor.ba\/?p=30442"},"modified":"2024-01-15T21:33:40","modified_gmt":"2024-01-15T20:33:40","slug":"povratnik-u-srebrenicu-svi-muski-clanovi-porodice-ahmeda-hrustanovica-ubijeni-u-genocidu","status":"publish","type":"post","link":"https:\/\/tvsensor.com\/clanak\/povratnik-u-srebrenicu-svi-muski-clanovi-porodice-ahmeda-hrustanovica-ubijeni-u-genocidu\/","title":{"rendered":"Povratnik u Srebrenicu: Svi mu\u0161ki \u010dlanovi porodice Ahmeda Hrustanovi\u0107a ubijeni u genocidu"},"content":{"rendered":"\n<p>Ahmed Hrustanovi\u0107, drugi imam u \u010car\u0161ijskoj d\u017eamiji u Srebrenici, u rodni grad se vratio prije nekoliko godina. U Srebrenici je na\u0161ao mir sa suprugom i djecom. U genocidu mu je ubijen otac Rifet, kojeg je zadnji put vidio u aprilu 1993. godine. Tada se razdvojila porodica Hrustanovi\u0107, pi\u0161e Anadolu Agency (AA).<\/p>\n\n\n\n<p>&#8220;U aprilu 1993. godine iza\u0161ao sam sa majkom i sestrom iz Srebrenice, nakon masakra koji je bio na poligonu 12. aprila. Tada je dolazio UN sa konvojima i babo nas je ubacio u konvoj. Oti\u0161li smo za Tuzlu. To je bio zadnji put da sam vidio oca. Mama je bila trudna. Tamo se rodio moj brat koji nikada nije vidio oca&#8221;, ispri\u010dao je Hrustanovi\u0107.<\/p>\n\n\n\n<p>Otac Rifet je svojoj porodici slao pisma iz Srebrenice putem Crvenog kri\u017ea. Na isti na\u010din je dobijao odgovore od porodice iz Tuzle.<\/p>\n\n\n\n<p><strong>&#8211; Ubijeni svi punoljetni mu\u0161ki \u010dlanovi porodice &#8211;<\/strong><\/p>\n\n\n\n<p>&#8220;Dopisivali smo se vi\u0161e od dvije godine. Jedino \u0161to imam od babe su ta pisma i dvije slike. Ni\u0161ta vi\u0161e. Od mojih mu\u0161kih \u010dlanova porodice niko nije pre\u017eivio, koji su bili punoljetni &#8211; otac, dvojica djedova, amid\u017ee, dajd\u017ee. Od \u0161este godine sam odrastao sa majkom, nenama, tetkama. Zaboravio sam kako je nekoga nazvati babom, amid\u017eom, dajd\u017eom. Sve mi je pobijeno&#8221;, ispri\u010dao je Hrustanovi\u0107.<\/p>\n\n\n\n<p>Kona\u010dna presuda Ratku Mladi\u0107u, ratnom komandantu Vojske Republike Srpske, pred Me\u0111unarodnim mehanizmom za krivi\u010dne sudove (MMKS) u Hagu bit \u0107e izre\u010dena 8. juna ove godine. Prvostepeno Mladi\u0107 je, uz ostalo, osu\u0111en za genocid nad Bo\u0161njacima u podru\u010dju Srebrenice 1995. Tom prilikom ubijeno je oko osam hiljada, uglavnom bo\u0161nja\u010dkih mu\u0161karaca.<\/p>\n\n\n\n<p>&#8220;Kao i sve \u017ertve genocida, nadam se da \u0107e dobiti maksimalnu kaznu, da \u0107e se kona\u010dno krenuti s tim da se i sudovi, svijet i javnost obra\u010dunava s po\u010diniteljima genocida i najve\u0107ih zlo\u010dina po\u010dinjenih nakon Drugog svjetskog rata&#8221;, izjavio je Hrustanovi\u0107.<\/p>\n\n\n\n<p>Smatra da svi koji su u\u010destvovali u genocidu, koji su po\u010dinili zlo\u010dine, ubistva, koji su u\u010destvovali u kopanju masovnih grobnica, trebaju da iza\u0111u pred lice pravde i da odgovaraju za ono \u0161to su po\u010dinili.<\/p>\n\n\n\n<p>Hrustanovi\u0107 danas s porodicom \u017eivi u gradu u kojem pojedinci javno veli\u010daju ratne zlo\u010dince.<\/p>\n\n\n\n<p>&#8220;Prete\u0161ko je. Nekada se \u010dovjek toliko razo\u010dara da ka\u017ee: &#8216;\u0160to mi to treba u \u017eivotu, \u0161to mi treba da sve to gledam?&#8217; Do\u0111e mi da odem odavde i da nisam vi\u0161e tu. Ali, \u0161ta bih time dobio? Mi, kao \u017ertve genocida, moramo pri\u010dati, moramo upozoravati, opominjati, moramo se boriti protiv toga kada niko drugi ne\u0107e. Mi, kao \u017ertve genocida, moramo upirati prstom u svakog zlo\u010dinca&#8221;, rekao je Hrustanovi\u0107.<\/p>\n\n\n\n<p><strong>&#8211; Su\u017eivot, ipak, mogu\u0107 &#8211;<\/strong><\/p>\n\n\n\n<p>Prema njegovim rije\u010dima, osobe koje su u\u010destvovale u stra\u0161nim zlo\u010dinima u ratu 1992-1995. i danas se slobodno kre\u0107u gradom u kojem je u julu &#8216;95. po\u010dinjen genocid.<\/p>\n\n\n\n<p>&#8220;Za\u0161to sudovi ni\u0161ta ne rade? Zna se ko je to radio. Nadam se da \u0107e do\u0107i vrijeme kada \u0107e na\u0161i organi uraditi pravu stvar, da \u0107e uraditi to da se svi zlo\u010dinci privedu pred lice pravde i da se kazne&#8221;, kazao je Hrustanovi\u0107.<\/p>\n\n\n\n<p>Imao je mogu\u0107nost da \u017eivi u nekom drugom gradu. U Sarajevu je studirao, o\u017eenio se i zapo\u010deo novi \u017eivot.<\/p>\n\n\n\n<p>&#8220;Me\u0111utim, ono \u0161to sam pro\u017eivio u pro\u0161losti nije mi dalo mira. Hvala Bogu, dobio sam priliku i smogao snage da do\u0111em u Srebrenicu da \u017eivim. Tu sam svoj na svom. Tu se najljep\u0161e osje\u0107am. Ovdje \u0107u ne\u0161to u\u010diniti, u\u010diniti da se \u010duje glas \u017ertava, da mi ne\u0161to poku\u0161amo uraditi jer neko drugi ne\u0107e. Nama, koji smo tu, lijepo je bez obzira na to sa kakvom pro\u0161lo\u0161\u0107u \u017eivimo&#8221;, izjavio je Hrustanovi\u0107.<\/p>\n\n\n\n<p>Smatra da je u Srebrenici, ipak, mogu\u0107 su\u017eivot.<\/p>\n\n\n\n<p>&#8220;Su\u017eivot sa obi\u010dnim ljudima je na jednom finom nivou. Mi nemamo problem pri\u010dati, popiti kafu i dru\u017eiti se sa onima koji nisu prljali svoje ruke. Nikada nismo imali taj problem. Ali, problem je kada sjedimo do \u010dovjeka za kojeg znamo da je u\u010destvovao u genocidu, a ni\u0161ta nije poduzeto da odgovara za ono \u0161to je u\u010dinio. Institucije su tu zakazale&#8221;, poru\u010dio je Hrustanovi\u0107.<\/p>\n","protected":false},"excerpt":{"rendered":"<p>Ahmed Hrustanovi\u0107, drugi imam u \u010car\u0161ijskoj d\u017eamiji u Srebrenici, u rodni grad se vratio prije nekoliko godina. U Srebrenici je na\u0161ao mir sa suprugom i djecom. U genocidu mu je ubijen otac Rifet, kojeg je zadnji put vidio u aprilu 1993. godine. Tada se razdvojila porodica Hrustanovi\u0107, pi\u0161e Anadolu Agency (AA). &#8220;U aprilu 1993. godine [&hellip;]<\/p>\n","protected":false},"author":59,"featured_media":30443,"comment_status":"open","ping_status":"closed","sticky":false,"template":"","format":"standard","meta":{"inline_featured_image":false,"footnotes":""},"categories":[43],"tags":[],"class_list":{"0":"post-30442","1":"post","2":"type-post","3":"status-publish","4":"format-standard","5":"has-post-thumbnail","7":"category-bih"},"acf":[],"_links":{"self":[{"href":"https:\/\/tvsensor.com\/api\/wp\/v2\/posts\/30442","targetHints":{"allow":["GET"]}}],"collection":[{"href":"https:\/\/tvsensor.com\/api\/wp\/v2\/posts"}],"about":[{"href":"https:\/\/tvsensor.com\/api\/wp\/v2\/types\/post"}],"author":[{"embeddable":true,"href":"https:\/\/tvsensor.com\/api\/wp\/v2\/users\/59"}],"replies":[{"embeddable":true,"href":"https:\/\/tvsensor.com\/api\/wp\/v2\/comments?post=30442"}],"version-history":[{"count":1,"href":"https:\/\/tvsensor.com\/api\/wp\/v2\/posts\/30442\/revisions"}],"predecessor-version":[{"id":30444,"href":"https:\/\/tvsensor.com\/api\/wp\/v2\/posts\/30442\/revisions\/30444"}],"wp:featuredmedia":[{"embeddable":true,"href":"https:\/\/tvsensor.com\/api\/wp\/v2\/media\/30443"}],"wp:attachment":[{"href":"https:\/\/tvsensor.com\/api\/wp\/v2\/media?parent=30442"}],"wp:term":[{"taxonomy":"category","embeddable":true,"href":"https:\/\/tvsensor.com\/api\/wp\/v2\/categories?post=30442"},{"taxonomy":"post_tag","embeddable":true,"href":"https:\/\/tvsensor.com\/api\/wp\/v2\/tags?post=30442"}],"curies":[{"name":"wp","href":"https:\/\/api.w.org\/{rel}","templated":true}]}}