{"id":30438,"date":"2021-06-05T16:27:05","date_gmt":"2021-06-05T15:27:05","guid":{"rendered":"https:\/\/senzor.ba\/?p=30438"},"modified":"2024-01-15T21:33:41","modified_gmt":"2024-01-15T20:33:41","slug":"hurija-karic-kcerka-nane-fate-orlovic-moja-majka-je-trazila-samo-svoje-pravo-vjerujemo-da-ima-opstanka-u-bih","status":"publish","type":"post","link":"https:\/\/tvsensor.com\/clanak\/hurija-karic-kcerka-nane-fate-orlovic-moja-majka-je-trazila-samo-svoje-pravo-vjerujemo-da-ima-opstanka-u-bih\/","title":{"rendered":"Hurija Kari\u0107, k\u0107erka nane Fate Orlovi\u0107: Moja majka je tra\u017eila samo svoje pravo, vjerujemo da ima opstanka u BiH"},"content":{"rendered":"\n<p>Hurija Kari\u0107, k\u0107erka nane Fate Orlovi\u0107, izjavila je da ru\u0161enje nelegalno izgra\u0111ene crkve u avliji njene majke predstavlja svojevrsno zadovoljstvo za cijelu njihovu porodicu, ali i cijelu Bosnu i Hercegovinu.<\/p>\n\n\n\n<p>Podsjetiv\u0161i da je jutros u po\u010detku ru\u0161enja crkve nastupio te\u017eak osje\u0107aj kod nje i njene majke, Kari\u0107 je kazala da se pla\u0161ila ho\u0107e li i kako izdr\u017eati srce nane Fate.<\/p>\n\n\n\n<p>&#8220;Popila sam tabletu za smirenje. Te\u017eak je bio osje\u0107aj, prvo sam se bojala kako \u0107e podnijeti njeno srce, jer je dijabeti\u010dar, sr\u010dani bolesnik. Odmah me uhvatila panika, zvala sam doktora, javio se, stigli su iz Srebrenice&#8221;, kazala je Kari\u0107 u izjavi za Anadolu Agency i dodala:<\/p>\n\n\n\n<p>&#8220;Znam da majka ni dobro ni ru\u017eno ne mo\u017ee podnijeti. Te\u0161ko je, emocije su jake. Te\u0161ko je, 25 godina se za ne\u0161to bori\u0161 i opet ne mo\u017ee\u0161 da vjeruje\u0161 da je to to\u2026&#8221;<\/p>\n\n\n\n<p>Kazala je da ru\u0161enje nelegalno izgra\u0111ene crkve predstavlja svojevrsno zadovoljstvo za cijelu porodicu, ali i dr\u017eavu.<\/p>\n\n\n\n<p>&#8220;Zadovoljstvo jeste za na\u0161u komplet porodicu, za \u010ditavu Bosnu i Hercegovinu. Zna\u010di sad mo\u017eemo kona\u010dno re\u0107i da se odluke suda uva\u017eavaju, sprovode, da ima neki zakon, sud. Vjerujemo sad da ima opstanka u Bosni i Hercegovini, da mo\u017eemo \u017eivjeti, da normalno svi funkcioni\u0161emo bez obzira na to koje je vjere ko&#8221;, poru\u010dila je Kari\u0107.<\/p>\n\n\n\n<p>Ona je dodala kako svako treba da \u017eivi na svome i ostvari svoje pravo.<\/p>\n\n\n\n<p>&#8220;Zna\u010di, nama ne smeta niko. Neka \u017eivi svako na svome. Mi svoje ne damo, a tu\u0111e ne\u0107emo. Ni\u0161ta ne tra\u017eimo, tra\u017eimo samo svoja prava. Moja majka je tra\u017eila samo svoje pravo, svoje djece, svoje porodice&#8221;, zaklju\u010dila je Kari\u0107, koja je kroz \u010detvrt stolje\u0107a pravne borbe bila podr\u0161ka svojoj majci.<\/p>\n\n\n\n<p>Danas je obavljeno uklanjanje nelegalno sagra\u0111ene crkve iz dvori\u0161ta Fate Orlovi\u0107 u Konjevi\u0107-Polju.<\/p>\n\n\n\n<p>Borba nane Fate Orlovi\u0107 za uklanjanje pravoslavne crkve, koja je izgra\u0111ena u njenom dvori\u0161tu tokom rata i agresije na Bosnu i Hercegovinu po\u010detkom 1990-ih godina, dok su ona i pre\u017eivjeli \u010dlanovi porodice bili u izbjegli\u0161tvu, traje dvije decenije.<\/p>\n\n\n\n<p>Uklanjanje bespravno sagra\u0111enog objekta pravoslavne crkve po\u010delo je nakon presude Evropskog suda za ljudska prava u Strasoburgu od 1. oktobra 2019. kojom je nalo\u017eeno dr\u017eavi Bosni i Hercegovini da ispo\u0161tuje ranije odluke o uklanjanju crkve &#8211; odluke CRPC-a iz 1999. godine i Ministarstva za izbjeglice iz 2001. godine.<\/p>\n\n\n\n<p>Evropski sud je utvrdio kako je propust vlasti da ispo\u0161tuju kona\u010dne i obavezuju\u0107e odluke iz 1999. i 2001. godine kojima je utvr\u0111eno pravo na povrat predmetne imovine u posjed podnositelja predstavke, a za koji Vlada bh. entiteta Republika Srpska nije ponudila nikakvo opravdanje, imao za posljedicu ozbiljno naru\u0161avanje njihovog prava na imovinu.<\/p>\n\n\n\n<p>Apelaciju Evropskom sudu za ljudska prava u Strazburu podnijela je Fata Orlovi\u0107 i jo\u0161 13 \u010dlanova njene porodice 2018. godine.<\/p>\n\n\n\n<p>Naime, imovina Fate Orlovi\u0107 i njene porodice vra\u0107ena je nakon zavr\u0161etka rata u BiH, ali nelegalno sagra\u0111ena pravoslavna crkva u njenom dvori\u0161tu je ostala. Fata Orlovi\u0107 je pokrenula sudski postupak 2000. godine pred sudovima u BiH, koji je zavr\u0161io apelacijom i presudom Evropskog suda za ljudska prava u Strasborugu u njenu i u korist ostalih 13 apelanata.<\/p>\n\n\n\n<p>Nana Fata Orlovi\u0107 je tokom rata u BiH izgubila supruga, kao i veliki broj \u010dlanove porodice.<\/p>\n\n\n\n<p>U proteklih 20 godina borbe za izmje\u0161tanje bespravno sagra\u0111ene crkve iz njenog dvori\u0161ta, Fata Orlovi\u0107 je mnogo toga pre\u017eivjela &#8211; napadi, prijetnje, optu\u017enice.<\/p>\n","protected":false},"excerpt":{"rendered":"<p>Hurija Kari\u0107, k\u0107erka nane Fate Orlovi\u0107, izjavila je da ru\u0161enje nelegalno izgra\u0111ene crkve u avliji njene majke predstavlja svojevrsno zadovoljstvo za cijelu njihovu porodicu, ali i cijelu Bosnu i Hercegovinu. Podsjetiv\u0161i da je jutros u po\u010detku ru\u0161enja crkve nastupio te\u017eak osje\u0107aj kod nje i njene majke, Kari\u0107 je kazala da se pla\u0161ila ho\u0107e li i [&hellip;]<\/p>\n","protected":false},"author":59,"featured_media":30439,"comment_status":"open","ping_status":"closed","sticky":false,"template":"","format":"standard","meta":{"inline_featured_image":false,"footnotes":""},"categories":[38],"tags":[],"class_list":{"0":"post-30438","1":"post","2":"type-post","3":"status-publish","4":"format-standard","5":"has-post-thumbnail","7":"category-vijesti-iz-bih"},"acf":[],"_links":{"self":[{"href":"https:\/\/tvsensor.com\/api\/wp\/v2\/posts\/30438","targetHints":{"allow":["GET"]}}],"collection":[{"href":"https:\/\/tvsensor.com\/api\/wp\/v2\/posts"}],"about":[{"href":"https:\/\/tvsensor.com\/api\/wp\/v2\/types\/post"}],"author":[{"embeddable":true,"href":"https:\/\/tvsensor.com\/api\/wp\/v2\/users\/59"}],"replies":[{"embeddable":true,"href":"https:\/\/tvsensor.com\/api\/wp\/v2\/comments?post=30438"}],"version-history":[{"count":1,"href":"https:\/\/tvsensor.com\/api\/wp\/v2\/posts\/30438\/revisions"}],"predecessor-version":[{"id":30440,"href":"https:\/\/tvsensor.com\/api\/wp\/v2\/posts\/30438\/revisions\/30440"}],"wp:featuredmedia":[{"embeddable":true,"href":"https:\/\/tvsensor.com\/api\/wp\/v2\/media\/30439"}],"wp:attachment":[{"href":"https:\/\/tvsensor.com\/api\/wp\/v2\/media?parent=30438"}],"wp:term":[{"taxonomy":"category","embeddable":true,"href":"https:\/\/tvsensor.com\/api\/wp\/v2\/categories?post=30438"},{"taxonomy":"post_tag","embeddable":true,"href":"https:\/\/tvsensor.com\/api\/wp\/v2\/tags?post=30438"}],"curies":[{"name":"wp","href":"https:\/\/api.w.org\/{rel}","templated":true}]}}