{"id":30426,"date":"2021-06-05T13:29:26","date_gmt":"2021-06-05T12:29:26","guid":{"rendered":"https:\/\/senzor.ba\/?p=30426"},"modified":"2024-01-15T21:33:42","modified_gmt":"2024-01-15T20:33:42","slug":"el-dragan-covic-emir-od-hercegovine-prica-o-jednom-licemjerju","status":"publish","type":"post","link":"https:\/\/tvsensor.com\/clanak\/el-dragan-covic-emir-od-hercegovine-prica-o-jednom-licemjerju\/","title":{"rendered":"El Dragan \u010covi\u0107, emir od Hercegovine: Pri\u010da o jednom licemjerju"},"content":{"rendered":"\n<p><strong>Nevladina organizacija Hrvatski narodni sabor (HNS) nakon ju\u010dera\u0161njeg zasjedanja u Mostaru saop\u0107ila je kako je prijedlog liberalizacije viznog re\u017eima za gra\u0111ane Saudijske Arabije protivan Sporazumu o stabilizaciji i pridru\u017eivanju (SSP), koji definira na\u010din viznog i svakog drugog ulaska za tre\u0107e zemlje.<\/strong><\/p>\n\n\n\n<p>&#8211; Medijski lin\u010d koji se vodi protiv legitimnih hrvatskih predstavnika i ministara u Vije\u0107u ministara BiH danas je kulminirao i po\u010deo poprimati neumjesne i nimalo doli\u010dne komentare uva\u017eene ministrice koja dr\u017eavu BiH shva\u0107a kao \u201czlatnu ribicu\u201d koja \u0107e ispunjavati njene li\u010dne \u017eelje ili, jo\u0161 gore, vlastite interese. Doti\u010dna ministrica ve\u0107 danima vodi tobo\u017ee turisti\u010dku promociju i nevi\u0111enu brigu za turiste iz Saudijske Arabije u maniru: Turizam \u0107e propasti, dr\u017eava \u0107e propasti, sve \u0107e propasti ako arapski turisti ne dolete u Bosnu i Hercegovinu \u2013 tvrde iz Hrvatskog narodnog sabora (HNS) BiH.<\/p>\n\n\n\n<p><br><strong>Arapi i rat u BiH<\/strong><\/p>\n\n\n\n<p>Dodaje se kako ministrica Bisera Turkovi\u0107 \u201czaobilazi nepobitne \u010dinjenice kako je ovakav prijedlog o bezviznom re\u017eimu protivan Sporazumu o stabilizaciji i pridru\u017eivanju (SSP) koji definira na\u010din viznog i svakog drugog ulaska za tre\u0107e zemlje \u0161to Saudijska Arabija u ovome slu\u010daju jeste\u201d.<\/p>\n\n\n\n<p>&#8211; Ukoliko bi se za sva\u010diji li\u010dni interes pravili presedani, \u0161to u ovome slu\u010daju ministrica zapravo otvoreno tra\u017ei, i ako bi takva praksa postala norma pona\u0161anja za svaku li\u010dnu \u017eelju od ministara, dr\u017eava Bosna i Hercegovina bi oti\u0161la u politi\u010dku i institucionalnu anarhiju. Jednako va\u017eno je spomenuti i sigurnosni faktor, posebno u uslovima otvorenih sukoba na Bliskom istoku gdje se sigurnosne provjere moraju podignuti na mnogo ve\u0107i nivo \u2013 poru\u010dili su iz HNS-a.<\/p>\n\n\n\n<figure class=\"wp-block-image\"><img decoding=\"async\" src=\"https:\/\/static.hayat.ba\/2021\/06\/covic-emir-1-1024x683.jpeg\" alt=\"\" class=\"wp-image-426920\"\/><\/figure>\n\n\n\n<p>Iz ove organizacije komentirali su i saop\u0107enje SDA, koje je objavljeno nakon odluke Vije\u0107a ministara BiH.<\/p>\n\n\n\n<p>&#8211; Vidimo da i SDA izlazi s usporedbama sa \u0160vicarskom i njihovom tolerancijom za arapske turiste te moramo istaknuti i sljede\u0107e: 90-ih godina su Arapi imali tako\u0111er liberaliziran ulaz u ovu evropsku zemlju, prije svega zbog poprili\u010dnih svota na svojim bankovnim ra\u010dunima, dok su u BiH dolazili ratovati i \u010diniti ritualna dekapitiranja i stravi\u010dne zlo\u010dine \u0161to doti\u010dna ministrica nikada ne\u0107e istaknuti, a upravo ih je njezina stranka na ovim prostorima instalirala i dijelila im dr\u017eavljanstva i ordene \u010dasti \u2013 naveli su iz HNS-a.<\/p>\n\n\n\n<p>Zanimljivo je da idejni vo\u0111a ovakve reakcije, pa i segregiraju\u0107eg odnosa prema turistima iz Sadijske Arabije, dr. Dragan \u010covi\u0107, nije ovakve stavove iznosio u decembru 2015. godine kada je uz najve\u0107e po\u010dasti kao \u010dlan Predsjedni\u0161tva BiH dolazio u posjetu Saudijskoj Arabiji.<\/p>\n\n\n\n<p>Naprotiv, \u010covi\u0107 je tada zahvalio kralju Salmanu bin Abdulazizu Al Sauduza podr\u0161ku koju je Kraljevina Saudijska Arabija pru\u017eila BiH te je \u201cnaglasio kako \u0107e se i dalje raditi na o\u010duvanju dobrih odnosa, kao i na njihovom unapre\u0111ivanju\u201d.<\/p>\n\n\n\n<p>Ovo prilikom predsjedavaju\u0107i \u010covi\u0107 je pozvao kralja Al Sauda u slu\u017ebenu posjetu Bosni i Hercegovini, \u0161to je kralj i prihvatio, saop\u0107eno je tada iz Predsjedni\u0161tva BiH.<\/p>\n\n\n\n<p>Nakon sastanka odr\u017eanog u \u010dast dolaska predsjedavaju\u0107eg \u010covi\u0107a, kralj Al Saud je u kraljevskoj pala\u010di organizirao sve\u010dani ru\u010dak, kojem su prisustvovale brojne zvanice iz cijele Kraljevine.<\/p>\n\n\n\n<figure class=\"wp-block-image\"><img decoding=\"async\" src=\"https:\/\/static.hayat.ba\/2021\/06\/covic-emir-2-1024x683.jpeg\" alt=\"\" class=\"wp-image-426921\"\/><\/figure>\n\n\n\n<p>Kako je saop\u0107eno iz Predsjedni\u0161tva BiH, tada\u0161nji predsjedavaju\u0107i dr. \u010covi\u0107 je istakao \u201cda izme\u0111u dviju prijateljskih zemalja nema otvorenih pitanja, ali da ekonomska saradnja nije na nivou na kojem bi mogla biti\u201d.<\/p>\n\n\n\n<p><br><strong>Pri\u010de iz 1001. no\u0107i<\/strong><\/p>\n\n\n\n<p>\u010covi\u0107 je svoje odu\u0161evljenje Saudijskom Arabijom prenio \u010dak i u autorskom tekstu, dnevni\u010dkom zapisu sa puta u Rijad, a koje je objavio \u201cVe\u010dernji list BiH\u201d.<\/p>\n\n\n\n<p>Opisuju\u0107i svoje iskustvo kao pr\u010de iz \u201c1001. no\u0107i\u201d, \u010covi\u0107 pi\u0161e:<\/p>\n\n\n\n<p>Kralj Al Saud me do\u010dekao na trgu ispred kraljevske pala\u010de, prema protokolu pa ipak srda\u010dno. Tu je odr\u017ean sve\u010dani do\u010dek s najvi\u0161im vojnim po\u010dastima uz intoniranje himni BiH i Kraljevine Saudijske Arabije.<\/p>\n\n\n\n<p>Vojnici su besprijekorno obavili svoj dio posla, a tu su bili i najvi\u0161i vojni du\u017enosnici koji su nam revno salutirali. Kralj nas je potom upoznao s brojnim izaslanstvom Kraljevine nakon \u010dega je u kraljevskoj pala\u010di uprili\u010den sve\u010dani ru\u010dak kojem su nazo\u010dile brojne zvanice iz cijele Kraljevine.<\/p>\n\n\n\n<figure class=\"wp-block-image\"><img decoding=\"async\" src=\"https:\/\/static.hayat.ba\/2021\/06\/covic-emir-4.jpg\" alt=\"\" class=\"wp-image-426922\"\/><\/figure>\n\n\n\n<p>Ru\u010dali smo u prostranoj prelijepoj dvorani koja je obilovala skupocjenim namje\u0161tajem, raznoraznim ukrasima i predmetima iznimne ljepote i simboli\u010dkog zna\u010daja. Sve u svemu, ponovno rasko\u0161 kakva se te\u0161ko mo\u017ee i zamisliti.<\/p>\n\n\n\n<p>Zaista je poseban ugo\u0111aj objedovati u takvom ambijentu uz izra\u017eeno gostoprimstvo i ljubaznost doma\u0107ina, koji se svakom prigodom i na svaki na\u010din trudio ugoditi na\u0161em izaslanstvu.<\/p>\n\n\n\n<p>Jo\u0161 jednom smo se uvjerili u jedinstvenost ove zemlje i njezino bogatstvo koje dolazi do izra\u017eaja na svim poljima, no ovoga puta i na gastronomskom planu. Mnogovrsne delicije otkrile su nam \u0161arenilo i raznovrsnost ove naizgled suhe, pustinjske zemlje\u2026<\/p>\n\n\n\n<p><br><strong>Kako je \u010cova razgovarao o ukidanju viza<\/strong><\/p>\n\n\n\n<p>Ne samo to, \u010covi\u0107 je ovom prilikom zahvalio je privrednicima \u201czbog dosada\u0161nje zainteresovanosti za BiH i ulaganja koja su ve\u0107 preduzeli\u201d.<\/p>\n\n\n\n<p>Ono \u0161to do kraja ogoljava licemjerje dr. \u010covi\u0107a jeste \u010dinjenica da je te 2015. godine, pazi sad, upravo on razgovarao, u ime BiH, o viznoj liberazlizaciji za Sudijce!!!<\/p>\n\n\n\n<figure class=\"wp-block-image\"><img decoding=\"async\" src=\"https:\/\/static.hayat.ba\/2021\/06\/covic-emir-5.jpg\" alt=\"\" class=\"wp-image-426923\"\/><\/figure>\n\n\n\n<p>U tada\u0161njem saop\u0107enju Predsjedni\u0161tva BiH se ka\u017ee:<\/p>\n\n\n\n<p>&#8211; S ciljem lak\u0161eg i br\u017eeg uvezivanja poslovnih ljudi dvije zemlje, na sastanku je razgovarano i o liberalizaciji viznog re\u017eima, te je zaklju\u010deno da bi lak\u0161e i br\u017ee dobivanje viza izme\u0111u dr\u017eava umnogome pomoglo privrednicima, ali i turistima zainteresovanim za dalja ulaganja i \u010de\u0161\u0107e posjete Bosni i Hercegovini. Takav interes sve vi\u0161e raste me\u0111u gra\u0111anima KSA.<\/p>\n\n\n\n<p>Ne samo ovo. Nije \u010covi\u0107u smetalo kada je u januaru 2016. o investicijama razgovarao sa Sulaimanom Al Shiddijem, direktorom \u201cAl Shiddi International Group\u201d, kao ni to kada se pri\u010dao o polvoljnom kreditu Sausijskog razvojnog fonda za bolnicu u zapadnom dijelu Mostara, ali mu smeta danas kada turisti\u010dki radnici u na\u0161oj zemlji treba da pre\u017eive, a on sam se, o\u010dito, nije \u201cugradio\u201d.<\/p>\n\n\n\n<p>Tako, eto, u bosanskohercegova\u010dkoj politici uglavnom dominiraju privatni interesi koji su uspje\u0161no prikrivaju izmi\u0161ljenim sva\u0111ama u javnosti, dok gra\u0111ani BiH i privreda gube mogu\u0107nost za preporod, pi\u0161e Faruk Vele za&nbsp;<a href=\"https:\/\/radiosarajevo.ba\/vijesti\/bosna-i-hercegovina\/el-dragan-covic-emir-od-hercegovine-prica-o-jednom-licemjerju\/419765?fbclid=IwAR1bn3KopSxl5oCldBqg5voT2gciwVaeVwAa3FQ-uSIdzP8F1FwwdVzX8AE\" target=\"_blank\" rel=\"noreferrer noopener\">Radiosarajevo.<\/a><\/p>\n","protected":false},"excerpt":{"rendered":"<p>Nevladina organizacija Hrvatski narodni sabor (HNS) nakon ju\u010dera\u0161njeg zasjedanja u Mostaru saop\u0107ila je kako je prijedlog liberalizacije viznog re\u017eima za gra\u0111ane Saudijske Arabije protivan Sporazumu o stabilizaciji i pridru\u017eivanju (SSP), koji definira na\u010din viznog i svakog drugog ulaska za tre\u0107e zemlje. &#8211; Medijski lin\u010d koji se vodi protiv legitimnih hrvatskih predstavnika i ministara u Vije\u0107u [&hellip;]<\/p>\n","protected":false},"author":59,"featured_media":30427,"comment_status":"open","ping_status":"closed","sticky":false,"template":"","format":"standard","meta":{"inline_featured_image":false,"footnotes":""},"categories":[76],"tags":[],"class_list":{"0":"post-30426","1":"post","2":"type-post","3":"status-publish","4":"format-standard","5":"has-post-thumbnail","7":"category-kolumne"},"acf":[],"_links":{"self":[{"href":"https:\/\/tvsensor.com\/api\/wp\/v2\/posts\/30426","targetHints":{"allow":["GET"]}}],"collection":[{"href":"https:\/\/tvsensor.com\/api\/wp\/v2\/posts"}],"about":[{"href":"https:\/\/tvsensor.com\/api\/wp\/v2\/types\/post"}],"author":[{"embeddable":true,"href":"https:\/\/tvsensor.com\/api\/wp\/v2\/users\/59"}],"replies":[{"embeddable":true,"href":"https:\/\/tvsensor.com\/api\/wp\/v2\/comments?post=30426"}],"version-history":[{"count":1,"href":"https:\/\/tvsensor.com\/api\/wp\/v2\/posts\/30426\/revisions"}],"predecessor-version":[{"id":30428,"href":"https:\/\/tvsensor.com\/api\/wp\/v2\/posts\/30426\/revisions\/30428"}],"wp:featuredmedia":[{"embeddable":true,"href":"https:\/\/tvsensor.com\/api\/wp\/v2\/media\/30427"}],"wp:attachment":[{"href":"https:\/\/tvsensor.com\/api\/wp\/v2\/media?parent=30426"}],"wp:term":[{"taxonomy":"category","embeddable":true,"href":"https:\/\/tvsensor.com\/api\/wp\/v2\/categories?post=30426"},{"taxonomy":"post_tag","embeddable":true,"href":"https:\/\/tvsensor.com\/api\/wp\/v2\/tags?post=30426"}],"curies":[{"name":"wp","href":"https:\/\/api.w.org\/{rel}","templated":true}]}}