{"id":30412,"date":"2021-06-05T12:36:50","date_gmt":"2021-06-05T11:36:50","guid":{"rendered":"https:\/\/senzor.ba\/?p=30412"},"modified":"2024-01-15T21:33:43","modified_gmt":"2024-01-15T20:33:43","slug":"camil-durakovic-nana-fata-orlovic-odrzala-zavrsni-cas-i-predavanje-o-upornosti-i-borbi-za-svoje","status":"publish","type":"post","link":"https:\/\/tvsensor.com\/clanak\/camil-durakovic-nana-fata-orlovic-odrzala-zavrsni-cas-i-predavanje-o-upornosti-i-borbi-za-svoje\/","title":{"rendered":"\u0106amil Durakovi\u0107: Nana Fata Orlovi\u0107 odr\u017eala zavr\u0161ni \u010das i predavanje o upornosti i borbi za svoje"},"content":{"rendered":"\n<p>Predsjednik Skup\u0161tine Op\u0161tine Srebrenica \u0106amil Durakovi\u0107 komentarisao je uklanjanje nelegalno izgra\u0111ene crkve u dvori\u0161tu Fate Orlovi\u0107, u Konjevi\u0107-Polju, koje je po\u010delo rano jutros.<\/p>\n\n\n\n<p>\u201dNana Fata Orlovi\u0107 je danas odr\u017eala zavr\u0161ni \u010das i predavanje o upornosti, nepotkupljivosti i borbi za svoje&#8230;\u201d, poru\u010dio je Durakovi\u0107.<\/p>\n\n\n\n<p>Borba nane Fate Orlovi\u0107 za uklanjanje pravoslavne crkve, koja je izgra\u0111ena u njenom dvori\u0161tu tokom rata i agresije na Bosnu i Hercegovinu po\u010detkom 1990-ih godina, dok su ona i pre\u017eivjeli \u010dlanovi porodice bili u izbjegli\u0161tvu, traje dvije decenije.<\/p>\n\n\n\n<p>Uklanjanje bespravno sagra\u0111enog objekta pravoslavne crkve po\u010delo je nakon presude Evropskog suda za ljudska prava u Strasoburgu od 1. oktobra 2019. kojom je nalo\u017eeno dr\u017eavi Bosni i Hercegovini da ispo\u0161tuje ranije odluke o uklanjanju crkve &#8211; odluke CRPC-a iz 1999. godine i Ministarstva za izbjeglice iz 2001. godine.<\/p>\n\n\n\n<p>Evropski sud je utvrdio kako je propust vlasti da ispo\u0161tuju kona\u010dne i obavezuju\u0107e odluke iz 1999. i 2001. godine kojima je utvr\u0111eno pravo na povrat predmetne imovine u posjed podnositelja predstavke, a za koji Vlada bh. entiteta Republika Srpska nije ponudila nikakvo opravdanje, imao za posljedicu ozbiljno naru\u0161avanje njihovog prava na imovinu.<\/p>\n\n\n\n<p>Apelaciju Evropskom sudu za ljudska prava u Strazburu podnijela je Fata Orlovi\u0107 i jo\u0161 13 \u010dlanova njene porodice 2018. godine.<\/p>\n\n\n\n<p>Naime, imovina Fate Orlovi\u0107 i njene porodice vra\u0107ena je nakon zavr\u0161etka rata u BiH, ali nelegalno sagra\u0111ena pravoslavna crkva u njenom dvori\u0161tu je ostala. Fata Orlovi\u0107 je pokrenula sudski postupak 2000. godine pred sudovima u BiH, koji je zavr\u0161io apelacijom i presudom Evropskog suda za ljudska prava u Strasborugu u njenu i u korist ostalih 13 apelanata.<\/p>\n\n\n\n<p>Nana Fata Orlovi\u0107 je tokom rata u BiH izgubila supruga, kao i veliki broj \u010dlanove porodice.<\/p>\n\n\n\n<p>U proteklih 20 godina borbe za izmje\u0161tanje bespravno sagra\u0111ene crkve iz njenog dvori\u0161ta, Fata Orlovi\u0107 je mnogo toga pre\u017eivjela &#8211; napadi, prijetnje, optu\u017enice.<\/p>\n","protected":false},"excerpt":{"rendered":"<p>Predsjednik Skup\u0161tine Op\u0161tine Srebrenica \u0106amil Durakovi\u0107 komentarisao je uklanjanje nelegalno izgra\u0111ene crkve u dvori\u0161tu Fate Orlovi\u0107, u Konjevi\u0107-Polju, koje je po\u010delo rano jutros. \u201dNana Fata Orlovi\u0107 je danas odr\u017eala zavr\u0161ni \u010das i predavanje o upornosti, nepotkupljivosti i borbi za svoje&#8230;\u201d, poru\u010dio je Durakovi\u0107. Borba nane Fate Orlovi\u0107 za uklanjanje pravoslavne crkve, koja je izgra\u0111ena u [&hellip;]<\/p>\n","protected":false},"author":59,"featured_media":30413,"comment_status":"open","ping_status":"closed","sticky":false,"template":"","format":"standard","meta":{"inline_featured_image":false,"footnotes":""},"categories":[38],"tags":[],"class_list":{"0":"post-30412","1":"post","2":"type-post","3":"status-publish","4":"format-standard","5":"has-post-thumbnail","7":"category-vijesti-iz-bih"},"acf":[],"_links":{"self":[{"href":"https:\/\/tvsensor.com\/api\/wp\/v2\/posts\/30412","targetHints":{"allow":["GET"]}}],"collection":[{"href":"https:\/\/tvsensor.com\/api\/wp\/v2\/posts"}],"about":[{"href":"https:\/\/tvsensor.com\/api\/wp\/v2\/types\/post"}],"author":[{"embeddable":true,"href":"https:\/\/tvsensor.com\/api\/wp\/v2\/users\/59"}],"replies":[{"embeddable":true,"href":"https:\/\/tvsensor.com\/api\/wp\/v2\/comments?post=30412"}],"version-history":[{"count":1,"href":"https:\/\/tvsensor.com\/api\/wp\/v2\/posts\/30412\/revisions"}],"predecessor-version":[{"id":30414,"href":"https:\/\/tvsensor.com\/api\/wp\/v2\/posts\/30412\/revisions\/30414"}],"wp:featuredmedia":[{"embeddable":true,"href":"https:\/\/tvsensor.com\/api\/wp\/v2\/media\/30413"}],"wp:attachment":[{"href":"https:\/\/tvsensor.com\/api\/wp\/v2\/media?parent=30412"}],"wp:term":[{"taxonomy":"category","embeddable":true,"href":"https:\/\/tvsensor.com\/api\/wp\/v2\/categories?post=30412"},{"taxonomy":"post_tag","embeddable":true,"href":"https:\/\/tvsensor.com\/api\/wp\/v2\/tags?post=30412"}],"curies":[{"name":"wp","href":"https:\/\/api.w.org\/{rel}","templated":true}]}}