{"id":30270,"date":"2021-06-03T10:37:04","date_gmt":"2021-06-03T09:37:04","guid":{"rendered":"https:\/\/senzor.ba\/?p=30270"},"modified":"2024-01-15T21:34:07","modified_gmt":"2024-01-15T20:34:07","slug":"willem-pronk-20-godina-sam-kucao-od-vrata-do-vrata-da-pomognemo-majkama-srebrenice","status":"publish","type":"post","link":"https:\/\/tvsensor.com\/clanak\/willem-pronk-20-godina-sam-kucao-od-vrata-do-vrata-da-pomognemo-majkama-srebrenice\/","title":{"rendered":"Willem Pronk: 20 godina sam kucao od vrata do vrata da pomognemo majkama Srebrenice"},"content":{"rendered":"\n<p><strong>Willem Pronk je \u010dovjek koji je prije 20 godina odlu\u010dio da poma\u017ee na\u0161u zemlju.<\/strong><\/p>\n\n\n\n<p>Prve dodire sa Srebrenicom imao je ratne 1995.godine, kada je putem TV ekrana gledao sav u\u017eas i nepravdu koja se \u010dini, a da niko nije poduzimao ni\u0161ta da se sprije\u010di.<\/p>\n\n\n\n<p>Upravo je Willem Pronk najzaslu\u017eniji \u010dovjek za\u0161to je krenula gradnja Doma za majke Srebrenice u Poto\u010darima. Iako je krenuo sa idejom jo\u0161 2000.godine, uspio ju je zapo\u010deti tek 16 godina kasnije. Nije odustajao. Bilo je mnogo prepreka, ali je na kraju njegov mentalitet , za kojeg ka\u017ee da nema odustajanja, pobijedio.<\/p>\n","protected":false},"excerpt":{"rendered":"<p>Willem Pronk je \u010dovjek koji je prije 20 godina odlu\u010dio da poma\u017ee na\u0161u zemlju. Prve dodire sa Srebrenicom imao je ratne 1995.godine, kada je putem TV ekrana gledao sav u\u017eas i nepravdu koja se \u010dini, a da niko nije poduzimao ni\u0161ta da se sprije\u010di. Upravo je Willem Pronk najzaslu\u017eniji \u010dovjek za\u0161to je krenula gradnja Doma [&hellip;]<\/p>\n","protected":false},"author":59,"featured_media":30272,"comment_status":"open","ping_status":"closed","sticky":false,"template":"","format":"video","meta":{"inline_featured_image":false,"footnotes":""},"categories":[72,1192],"tags":[],"class_list":{"0":"post-30270","1":"post","2":"type-post","3":"status-publish","4":"format-video","5":"has-post-thumbnail","7":"category-video-galerija","8":"category-vijesti-video-galerija","9":"post_format-post-format-video"},"acf":[],"_links":{"self":[{"href":"https:\/\/tvsensor.com\/api\/wp\/v2\/posts\/30270","targetHints":{"allow":["GET"]}}],"collection":[{"href":"https:\/\/tvsensor.com\/api\/wp\/v2\/posts"}],"about":[{"href":"https:\/\/tvsensor.com\/api\/wp\/v2\/types\/post"}],"author":[{"embeddable":true,"href":"https:\/\/tvsensor.com\/api\/wp\/v2\/users\/59"}],"replies":[{"embeddable":true,"href":"https:\/\/tvsensor.com\/api\/wp\/v2\/comments?post=30270"}],"version-history":[{"count":1,"href":"https:\/\/tvsensor.com\/api\/wp\/v2\/posts\/30270\/revisions"}],"predecessor-version":[{"id":30271,"href":"https:\/\/tvsensor.com\/api\/wp\/v2\/posts\/30270\/revisions\/30271"}],"wp:featuredmedia":[{"embeddable":true,"href":"https:\/\/tvsensor.com\/api\/wp\/v2\/media\/30272"}],"wp:attachment":[{"href":"https:\/\/tvsensor.com\/api\/wp\/v2\/media?parent=30270"}],"wp:term":[{"taxonomy":"category","embeddable":true,"href":"https:\/\/tvsensor.com\/api\/wp\/v2\/categories?post=30270"},{"taxonomy":"post_tag","embeddable":true,"href":"https:\/\/tvsensor.com\/api\/wp\/v2\/tags?post=30270"}],"curies":[{"name":"wp","href":"https:\/\/api.w.org\/{rel}","templated":true}]}}