{"id":30264,"date":"2021-06-03T10:33:07","date_gmt":"2021-06-03T09:33:07","guid":{"rendered":"https:\/\/senzor.ba\/?p=30264"},"modified":"2024-01-15T21:34:08","modified_gmt":"2024-01-15T20:34:08","slug":"malala-yousafzai-za-vogue-marama-nije-znak-da-sam-ugrozena","status":"publish","type":"post","link":"https:\/\/tvsensor.com\/clanak\/malala-yousafzai-za-vogue-marama-nije-znak-da-sam-ugrozena\/","title":{"rendered":"Malala Yousafzai za Vogue: &#8220;Marama nije znak da sam ugro\u017eena&#8221;"},"content":{"rendered":"\n<p>Najmla\u0111a dobitnica&nbsp;<strong>Nobelove nagrade<\/strong>, pakistanska aktivistica za \u017eensko obrazovanje,&nbsp;<strong>Malala Yousafzai<\/strong>, dala je&nbsp;veliki intervju za britanski&nbsp;<strong>Vogue&nbsp;<\/strong>gdje \u0107e biti na naslovnicama julskog broja \u010dasopisa.<\/p>\n\n\n\n<p>Yousafzai je pro\u0161le godine diplomirala na Univerzitetu Oxford, prenosi&nbsp;<a href=\"https:\/\/www.bbc.com\/news\/world-57317225?fbclid=IwAR3fH4o89ABqXNKmuVuqho0WxiQCnxj8ksf6DAicvY9hFGFhln7BCGPhu5g\" target=\"_blank\" rel=\"noreferrer noopener\">BBC<\/a>.<\/p>\n\n\n\n<p>&#8220;Bila sam uzbu\u0111ena zbog svega, po\u010dev\u0161i od odlaska u McDonald's ili igranja pokera sa svojim prijateljima&#8221;, rekla je.<\/p>\n\n\n\n<p>&#8220;U\u017eivala sam u svakom trenutku, jer prije toga nisam\u00a0imala priliku da vidim mnogo. Nikad zapravo nisam bila u dru\u0161tvu osoba svojih godina.&#8221;<\/p>\n\n\n\n<blockquote class=\"twitter-tweet\"><p lang=\"en\" dir=\"ltr\">I know the power that a young girl carries in her heart when she has a vision and a mission \u2013 and I hope that every girl who sees this cover will know that she can change the world. Thank you <a href=\"https:\/\/twitter.com\/BritishVogue?ref_src=twsrc%5Etfw\">@BritishVogue<\/a>, <a href=\"https:\/\/twitter.com\/Edward_Enninful?ref_src=twsrc%5Etfw\">@Edward_Enninful<\/a> &amp; <a href=\"https:\/\/twitter.com\/thedalstonyears?ref_src=twsrc%5Etfw\">@thedalstonyears<\/a> <a href=\"https:\/\/t.co\/3OYejo5Hnm\">pic.twitter.com\/3OYejo5Hnm<\/a><\/p>&mdash; Malala (@Malala) <a href=\"https:\/\/twitter.com\/Malala\/status\/1399782399450484751?ref_src=twsrc%5Etfw\">June 1, 2021<\/a><\/blockquote> <script async src=\"https:\/\/platform.twitter.com\/widgets.js\" charset=\"utf-8\"><\/script>\n\n\n\n<p>Podsjetimo, talibanski vojnici su Malalu&nbsp;<strong>upucali&nbsp;u glavu<\/strong>&nbsp;kada je imala samo 14 godina, nakon \u0161to je u\u010destvovala u kampanji za obrazovanje djevoj\u010dica u rodnom Pakistanu.<\/p>\n\n\n\n<p>Kako ona isti\u010de nikada zapravo nije bila u dru\u0161tvu ljudi&nbsp;njenih godina jer se<strong>&nbsp;oporavljala od incidenta<\/strong>, putovala po svijetu, objavljivala knjigu, dokumentarac, i mnogo drugih stvari na kojima je radila&#8221;.<\/p>\n\n\n\n<p>&#8220;Na fakultetu sam napokon dobila malo vremena za sebe.&#8221;<\/p>\n\n\n\n<h3 class=\"wp-block-heading\" id=\"h-marama-nije-znak-da-sam-ugro-ena\">Marama nije znak da sam&nbsp;ugro\u017eena<\/h3>\n\n\n\n<p>Malala koja se slikala za britanski Vogue kako nosi crvenu maramu, ka\u017ee da&nbsp;ona nije znak da je ugro\u017eena.<\/p>\n\n\n\n<p>Istakla je kako<strong>&nbsp;marama predstavlja&nbsp;njene korijene<\/strong>&nbsp;kao sunitski musliman pa\u0161tunske nacionalnosti.<\/p>\n\n\n\n<p>&#8220;Muslimanske, pa\u0161tunske ili pakistanske djevojke, kada slijede svoju&nbsp;tradicionalnu odje\u0107u, smatraju se ugro\u017eenim, bez prava glasa ili \u017eive pod patrijarhatom,&#8221; dodala je.<\/p>\n\n\n\n<p>&#8220;\u017delim svima poru\u010diti da mo\u017eete imati&nbsp;<strong>pravo na glas i jednakost<\/strong>&nbsp;u svojoj kulturi&#8221;, dodala je Malala.<\/p>\n\n\n\n<p>Tako\u0111er je kritizirala odre\u0111eni aktivizam na dru\u0161tvenim mre\u017eama, za koji ka\u017ee da se treba promijeniti.<\/p>\n","protected":false},"excerpt":{"rendered":"<p>Najmla\u0111a dobitnica&nbsp;Nobelove nagrade, pakistanska aktivistica za \u017eensko obrazovanje,&nbsp;Malala Yousafzai, dala je&nbsp;veliki intervju za britanski&nbsp;Vogue&nbsp;gdje \u0107e biti na naslovnicama julskog broja \u010dasopisa. Yousafzai je pro\u0161le godine diplomirala na Univerzitetu Oxford, prenosi&nbsp;BBC. &#8220;Bila sam uzbu\u0111ena zbog svega, po\u010dev\u0161i od odlaska u McDonald's ili igranja pokera sa svojim prijateljima&#8221;, rekla je. &#8220;U\u017eivala sam u svakom trenutku, jer prije [&hellip;]<\/p>\n","protected":false},"author":59,"featured_media":30268,"comment_status":"open","ping_status":"closed","sticky":false,"template":"","format":"standard","meta":{"inline_featured_image":false,"footnotes":""},"categories":[57],"tags":[],"class_list":{"0":"post-30264","1":"post","2":"type-post","3":"status-publish","4":"format-standard","5":"has-post-thumbnail","7":"category-religija"},"acf":[],"_links":{"self":[{"href":"https:\/\/tvsensor.com\/api\/wp\/v2\/posts\/30264","targetHints":{"allow":["GET"]}}],"collection":[{"href":"https:\/\/tvsensor.com\/api\/wp\/v2\/posts"}],"about":[{"href":"https:\/\/tvsensor.com\/api\/wp\/v2\/types\/post"}],"author":[{"embeddable":true,"href":"https:\/\/tvsensor.com\/api\/wp\/v2\/users\/59"}],"replies":[{"embeddable":true,"href":"https:\/\/tvsensor.com\/api\/wp\/v2\/comments?post=30264"}],"version-history":[{"count":1,"href":"https:\/\/tvsensor.com\/api\/wp\/v2\/posts\/30264\/revisions"}],"predecessor-version":[{"id":30269,"href":"https:\/\/tvsensor.com\/api\/wp\/v2\/posts\/30264\/revisions\/30269"}],"wp:featuredmedia":[{"embeddable":true,"href":"https:\/\/tvsensor.com\/api\/wp\/v2\/media\/30268"}],"wp:attachment":[{"href":"https:\/\/tvsensor.com\/api\/wp\/v2\/media?parent=30264"}],"wp:term":[{"taxonomy":"category","embeddable":true,"href":"https:\/\/tvsensor.com\/api\/wp\/v2\/categories?post=30264"},{"taxonomy":"post_tag","embeddable":true,"href":"https:\/\/tvsensor.com\/api\/wp\/v2\/tags?post=30264"}],"curies":[{"name":"wp","href":"https:\/\/api.w.org\/{rel}","templated":true}]}}