{"id":30261,"date":"2021-06-03T10:24:39","date_gmt":"2021-06-03T09:24:39","guid":{"rendered":"https:\/\/senzor.ba\/?p=30261"},"modified":"2024-01-15T21:34:10","modified_gmt":"2024-01-15T20:34:10","slug":"austrija-ugasena-islamska-karta-nakon-sto-su-njom-oznacene-muslimanske-institucije","status":"publish","type":"post","link":"https:\/\/tvsensor.com\/clanak\/austrija-ugasena-islamska-karta-nakon-sto-su-njom-oznacene-muslimanske-institucije\/","title":{"rendered":"Austrija: Uga\u0161ena &#8220;Islamska karta&#8221; nakon \u0161to su njom ozna\u010dene muslimanske institucije"},"content":{"rendered":"\n<p>Digitalna karta pod nazivom &#8220;Islam-Landkarte (Islamska karta)&#8221;, koja je sadr\u017eavala detaljne informacije o muslimanskim institucijama u Austriji, isklju\u010dena je zbog ozbiljnih reakcija iz razli\u010ditih krugova i kritika da su ovim projektom ozna\u010dene muslimanske institucije, javlja Anadolu Agency (AA).<\/p>\n\n\n\n<p>Dokumentacijski centar za politi\u010dki islam, koji je uspostavila vlada austrijskog kancelara Sebastiana Kurza, ranije je nalo\u017eila profesoru sa Univerziteta u Be\u010du Ednanu Aslanu i njegovom timu da sa\u010dine &#8220;digitalnu kartu&#8221;. Aplikacija je sa\u010dinjena, no trenutno je stavljena van funkcije.<\/p>\n\n\n\n<p>Aslan je, oglasiv\u0161i se na web-stranici &#8220;www.islam-landkarte.at&#8221;, izrazio \u017ealjenje \u0161to je ovaj projekat izazvao politi\u010dke kontroverze i \u0161to su ga neke krajnje desne grupe zloupotrijebile.<\/p>\n\n\n\n<p>Tvrdi da je njegov cilj bio izraditi studiju koja se bavi svim aspektima razli\u010ditih islamskih grupa u zemlji, ne govore\u0107i o tome da li je digitalna karta potpuno ukinuta ili \u0107e raditi na druga\u010diji na\u010din.<\/p>\n\n\n\n<p>Iz dr\u017eavnih institucija, koje trenutno ne rade zbog dr\u017eavnog praznika, nije bilo ogla\u0161avanja o tome da li upotreba aplikacije ukinuta.<\/p>\n\n\n\n<p>Nakon \u0161to je digitalna karta postala dostupna 27. maja, grupe krajnje desnice na mnogim su d\u017eamijama istakle natpise s antiislamskim porukama.<\/p>\n\n\n\n<p>Dokumentacijski centar za politi\u010dki islam, koji je osnovan pod vodstvom koalicione vlade Austrijske narodne stranke desnog centra (\u00d6VP) i stranke Zelenih, podijelio je s javno\u0161\u0107u digitalnu kartu pod nazivom &#8220;Islam-Landkarte&#8221;, a koja sadr\u017ei detaljne informacije o razli\u010ditim organizacijama poput 600 d\u017eamija i edukativnih centara koji pripadaju muslimanima, kao i njihovih svjetonazora, menad\u017eera i adresa.<\/p>\n\n\n\n<p>Pojedini krugovi su digitalnu kartu ocijenili diskriminatornom, odnosno da prikazuje muslimane kao potencijalne kriminalce. Navode da ovaj projekat li\u010di na stavljanje oznake i da je vlada, koja je bila preplavljena istragama korupcije, kao izlaz iz takve situacije jo\u0161 jednom poku\u0161ala manipulirati dru\u0161tvom putem muslimana.<\/p>\n","protected":false},"excerpt":{"rendered":"<p>Digitalna karta pod nazivom &#8220;Islam-Landkarte (Islamska karta)&#8221;, koja je sadr\u017eavala detaljne informacije o muslimanskim institucijama u Austriji, isklju\u010dena je zbog ozbiljnih reakcija iz razli\u010ditih krugova i kritika da su ovim projektom ozna\u010dene muslimanske institucije, javlja Anadolu Agency (AA). Dokumentacijski centar za politi\u010dki islam, koji je uspostavila vlada austrijskog kancelara Sebastiana Kurza, ranije je nalo\u017eila profesoru [&hellip;]<\/p>\n","protected":false},"author":59,"featured_media":30262,"comment_status":"open","ping_status":"closed","sticky":false,"template":"","format":"standard","meta":{"inline_featured_image":false,"footnotes":""},"categories":[41],"tags":[],"class_list":{"0":"post-30261","1":"post","2":"type-post","3":"status-publish","4":"format-standard","5":"has-post-thumbnail","7":"category-svijet"},"acf":[],"_links":{"self":[{"href":"https:\/\/tvsensor.com\/api\/wp\/v2\/posts\/30261","targetHints":{"allow":["GET"]}}],"collection":[{"href":"https:\/\/tvsensor.com\/api\/wp\/v2\/posts"}],"about":[{"href":"https:\/\/tvsensor.com\/api\/wp\/v2\/types\/post"}],"author":[{"embeddable":true,"href":"https:\/\/tvsensor.com\/api\/wp\/v2\/users\/59"}],"replies":[{"embeddable":true,"href":"https:\/\/tvsensor.com\/api\/wp\/v2\/comments?post=30261"}],"version-history":[{"count":1,"href":"https:\/\/tvsensor.com\/api\/wp\/v2\/posts\/30261\/revisions"}],"predecessor-version":[{"id":30263,"href":"https:\/\/tvsensor.com\/api\/wp\/v2\/posts\/30261\/revisions\/30263"}],"wp:featuredmedia":[{"embeddable":true,"href":"https:\/\/tvsensor.com\/api\/wp\/v2\/media\/30262"}],"wp:attachment":[{"href":"https:\/\/tvsensor.com\/api\/wp\/v2\/media?parent=30261"}],"wp:term":[{"taxonomy":"category","embeddable":true,"href":"https:\/\/tvsensor.com\/api\/wp\/v2\/categories?post=30261"},{"taxonomy":"post_tag","embeddable":true,"href":"https:\/\/tvsensor.com\/api\/wp\/v2\/tags?post=30261"}],"curies":[{"name":"wp","href":"https:\/\/api.w.org\/{rel}","templated":true}]}}