{"id":30257,"date":"2021-06-03T09:40:55","date_gmt":"2021-06-03T08:40:55","guid":{"rendered":"https:\/\/senzor.ba\/?p=30257"},"modified":"2024-01-15T21:34:10","modified_gmt":"2024-01-15T20:34:10","slug":"schwarz-schilling-schmidt-ce-biti-vrlo-dobar-visoki-predstavnik","status":"publish","type":"post","link":"https:\/\/tvsensor.com\/clanak\/schwarz-schilling-schmidt-ce-biti-vrlo-dobar-visoki-predstavnik\/","title":{"rendered":"Schwarzschilling: Schmidt \u0107e biti vrlo dobar visoki predstavnik"},"content":{"rendered":"\n<p>Rusija je godinama bila protiv svega i sva\u010dega i nakon svakog sastanka Vije\u0107a za implementaciju mira (PIC) imala je svoje zasebno mi\u0161ljenje u Komunikeu, koje do sada uop\u0107e nije bilo va\u017eno. Za\u0161to bi sada bilo druga\u010dije?<\/p>\n\n\n\n<p>&#8211; Izbor Christiana Schmidta za visokog predstavnika \u201cbila je odli\u010dna odluka\u201d, smatra nekada\u0161nji visoki predstavnik Christian Schwarz Schilling.<\/p>\n\n\n\n<p>U intervjuu za polticki.ba on isti\u010de da se to ne bi desilo da nije bilo \u201cjake podrske Kabineta Kancelarke Angele Merkel\u201d.<\/p>\n\n\n\n<p>Ne \u017eelim ovim re\u0107i da sada\u0161njii visoki predstavnik Valentin Inzko nije sve poku\u0161ao kako bi rije\u0161io veliki broj otvorenih pitanja u BiH, ali nadam se kod Schmidta ve\u0107oj podr\u0161ci od strane me\u0111unarodne zajednice, a time i ve\u0107em uspjehu.<br>Schwarz Schilling je uvjeren da \u0107e Schmidt biti \u201evrlo dobar visoki predstavnik, koji vrlo dobro zna da je put BiH do demokratije i vladavine prava jo\u0161 uvijek dug\u201c.<\/p>\n\n\n\n<p>&#8211; Za ovo je Bosni i Hercegovini potrebna stru\u010dna pomo\u0107 me\u0111unarodne zajednice. Egoizam stranaka, a posebno vo\u0111stva tri nacionalne etni\u010dke grupe, koje misle samo na vlastitu dobrobit, najve\u0107a su prepreka na putu ka Evropi \u2013 smatra ovaj prekaljeni njema\u010dki politi\u010dar.<\/p>\n\n\n\n<p>Schwarz Schilling isti\u010de i da je \u201eva\u017eno kona\u010dno iskoristiti pogodan momenat i zajedni\u010dke napore EU i SAD za rje\u0161avanje situacije na Balkanu, a siguran sam da je Schmidt pravi \u010dovjek za to\u201c.<\/p>\n\n\n\n<p>Reakcija Rusije bila je predvidljiva i ne iznena\u0111uje ga, ka\u017ee Schwarz Schilling.<\/p>\n\n\n\n<p>Pored toga, ona sada pokazuje kako su sve glasine iz januara o saradnji Njema\u010dke i Rusije na \u0161tetu BiH bile obi\u010dna izmi\u0161ljotina.<\/p>\n\n\n\n<p>Isti\u010de i da zbog toga Schmidtova pozicija nije i ne\u0107e biti oslabljena.<\/p>\n\n\n\n<p><strong>Za\u0161to bi bila?<\/strong><\/p>\n\n\n\n<p>Rusija je godinama bila protiv svega i sva\u010dega i nakon svakog sastanka Vije\u0107a za implementaciju mira (PIC) imala je svoje zasebno mi\u0161ljenje u Komunikeu, koje do sada uop\u0107e nije bilo va\u017eno.<\/p>\n\n\n\n<p><strong>Za\u0161to bi sada bilo druga\u010dije?<\/strong><\/p>\n\n\n\n<p>&#8211; Zaista ne vidim razlog za\u0161to bi Rusija i Dodik u ovom slu\u010daju imali uticaj. \u010cak sam se morao nasmije\u0161iti kad sam pro\u010ditao da sada koriste isti narativ kao \u010covi\u0107, rije\u010d \u201clegitimno\u201d. Za sve \u0161to se nekome ne svi\u0111a, ka\u017ee se da je nelegitimno. Ba\u0161 je to prakti\u010dno!\u201c, govori dalje Schwarz Schilling za politicki.ba.<\/p>\n\n\n\n<p>Budu\u0107i da je ina\u010de cijela me\u0111unarodna zajednica za visokog predstavnika, posebno SAD, ne vidim slabljenje, pogotovo jer je Christian Schmidt iskusni njema\u010dki politi\u010dar, dodaje on.<\/p>\n\n\n\n<p>Sa ili bez Schmidta, Schwarz Schilling je uvjeren da \u201eRusija ne\u0107e prestati ugrozavati \u200b\u200bstabilnost na Balkanu, \u0161to i \u010dini ve\u0107 godinama\u201c.<\/p>\n\n\n\n<p>&#8211; To je njeno oru\u017eje u borbi s Evropom i vrlo ga dobro koristi preko Dodika i Vu\u010di\u0107a. Mislim da Rusija trenutno ima druge prioritete. Za dvije sedmice \u0107e ona biti jedna od glavnih tema na samitu NATO-a.<br>Schwarz Schilling podsje\u0107a da ni njega nije potvrdilo Vije\u0107e sigurnosti UN.<\/p>\n\n\n\n<p>&#8211; Ali to me nije sprije\u010dilo da djelujem kao visoki predstavnik. Odluka SB PIC-a jednostavno je primljena na znanje u UN-u.<br>Za imenovanje visokog predstavnika nije potreban formalni akt od strane UN-a.<\/p>\n\n\n\n<p>PIC u tome igra glavnu ulogu, a \u010dak ni njegova odluka ne mora biti jednoglasna, kako nam pokazuju mnogi komunikei PIC-a, sa kojima Rusija nije bila saglasna.<\/p>\n\n\n\n<p>&#8211; To \u0161to Rusija poku\u0161ava da to postavi kao uslov je u njenom vlastitom interesu, jer bi tada htjela staviti veto na mnoge odluke PIC-a. Ali tu ne\u0107e imati uspjeha, ka\u017ee on.<\/p>\n\n\n\n<p>Osvr\u0107u\u0107i se na pona\u0161anje prvog \u010dovjeka bosanskih Srba, Schwarz Schilling ka\u017ee da se radi o \u201evrlo o\u010dajnom poku\u0161aju da uz pomo\u0107 Rusije blokira put BiH u Evropu, iako Dodik sam tvrdi suprotno\u201c.<\/p>\n\n\n\n<p>RS ve\u0107 godinama nije prihvatila i priznala ni Inzka.<\/p>\n\n\n\n<p>Ovdje \u0107e ulogu od velike va\u017enosti imati zajedni\u010dka akcija i stav EU i SAD-a koji podr\u017eavaju OHR\u201c.<\/p>\n\n\n\n<p>Schwarz Schilling navodi i da je, kao dugogodi\u0161nji politi\u010dki prijatelj Schmidtu \u201cdao i pokoji savjet\u201d.<\/p>\n\n\n\n<p>&#8211; Ali Christian Schmidt je sna\u017ena li\u010dnost i donosit \u0107e svoje odluke sam \u2013 zaklju\u010duje Schwarz Schilling u razgovoru za politicki.ba.<\/p>\n","protected":false},"excerpt":{"rendered":"<p>Rusija je godinama bila protiv svega i sva\u010dega i nakon svakog sastanka Vije\u0107a za implementaciju mira (PIC) imala je svoje zasebno mi\u0161ljenje u Komunikeu, koje do sada uop\u0107e nije bilo va\u017eno. Za\u0161to bi sada bilo druga\u010dije? &#8211; Izbor Christiana Schmidta za visokog predstavnika \u201cbila je odli\u010dna odluka\u201d, smatra nekada\u0161nji visoki predstavnik Christian Schwarz Schilling. U [&hellip;]<\/p>\n","protected":false},"author":59,"featured_media":30258,"comment_status":"open","ping_status":"closed","sticky":false,"template":"","format":"standard","meta":{"inline_featured_image":false,"footnotes":""},"categories":[376,234],"tags":[],"class_list":{"0":"post-30257","1":"post","2":"type-post","3":"status-publish","4":"format-standard","5":"has-post-thumbnail","7":"category-featured","8":"category-politika"},"acf":[],"_links":{"self":[{"href":"https:\/\/tvsensor.com\/api\/wp\/v2\/posts\/30257","targetHints":{"allow":["GET"]}}],"collection":[{"href":"https:\/\/tvsensor.com\/api\/wp\/v2\/posts"}],"about":[{"href":"https:\/\/tvsensor.com\/api\/wp\/v2\/types\/post"}],"author":[{"embeddable":true,"href":"https:\/\/tvsensor.com\/api\/wp\/v2\/users\/59"}],"replies":[{"embeddable":true,"href":"https:\/\/tvsensor.com\/api\/wp\/v2\/comments?post=30257"}],"version-history":[{"count":2,"href":"https:\/\/tvsensor.com\/api\/wp\/v2\/posts\/30257\/revisions"}],"predecessor-version":[{"id":35524,"href":"https:\/\/tvsensor.com\/api\/wp\/v2\/posts\/30257\/revisions\/35524"}],"wp:featuredmedia":[{"embeddable":true,"href":"https:\/\/tvsensor.com\/api\/wp\/v2\/media\/30258"}],"wp:attachment":[{"href":"https:\/\/tvsensor.com\/api\/wp\/v2\/media?parent=30257"}],"wp:term":[{"taxonomy":"category","embeddable":true,"href":"https:\/\/tvsensor.com\/api\/wp\/v2\/categories?post=30257"},{"taxonomy":"post_tag","embeddable":true,"href":"https:\/\/tvsensor.com\/api\/wp\/v2\/tags?post=30257"}],"curies":[{"name":"wp","href":"https:\/\/api.w.org\/{rel}","templated":true}]}}